{"id":3175,"date":"2024-12-01T15:12:00","date_gmt":"2024-12-01T18:12:00","guid":{"rendered":"https:\/\/vecinosdelinterior.com\/?p=3175"},"modified":"2024-12-02T15:13:14","modified_gmt":"2024-12-02T18:13:14","slug":"una-mujer-se-accidento-en-su-vehiculo-en-la-ruta-provincial-1","status":"publish","type":"post","link":"https:\/\/vecinosdelinterior.com\/index.php\/2024\/12\/01\/una-mujer-se-accidento-en-su-vehiculo-en-la-ruta-provincial-1\/","title":{"rendered":"Una mujer se accident\u00f3 en su veh\u00edculo en la ruta provincial 1"},"content":{"rendered":"\n<p>Desde el Destacamento N\u00b0 32 de Villa del Carmen informaron que este domingo, alrededor de las 08:00, se produjo un accidente de tr\u00e1nsito en la ruta provincial N\u00b01, cerca del peaje de La Punilla.<br>De acuerdo a las averiguaciones policiales, una mujer de 43 a\u00f1os de edad (con domicilio en Villa de Merlo) que conduc\u00eda un veh\u00edculo Peugeot 308 de norte a sur, perdi\u00f3 el control del rodado por la acumulaci\u00f3n de agua sobre la carpeta asf\u00e1ltica, derrap\u00f3 e impact\u00f3 contra un \u00e1rbol al costado de la ruta.<br>Cuando el personal policial se hizo presente en el lugar, la mujer ya hab\u00eda salido del veh\u00edculo por sus propios medios y se encontraba fuera de peligro.<br>Posteriormente, fue trasladada en ambulancia hacia el centro de salud de Villa del Carmen para una atenci\u00f3n m\u00e9dica m\u00e1s compleja.<\/p>\n","protected":false},"excerpt":{"rendered":"<p>Desde el Destacamento N\u00b0 32 de Villa del Carmen informaron que este domingo, alrededor de las 08:00, se produjo un accidente de tr\u00e1nsito en la ruta provincial N\u00b01, cerca del peaje de La Punilla.De acuerdo a las averiguaciones policiales, una mujer de 43 a\u00f1os de edad (con domicilio en Villa de Merlo) que conduc\u00eda un [&hellip;]<\/p>\n","protected":false},"author":1,"featured_media":3176,"comment_status":"open","ping_status":"open","sticky":false,"template":"","format":"standard","meta":{"footnotes":""},"categories":[29,31],"tags":[],"class_list":["post-3175","post","type-post","status-publish","format-standard","has-post-thumbnail","hentry","category-chacabuco","category-villa-del-carmen"],"_links":{"self":[{"href":"https:\/\/vecinosdelinterior.com\/index.php\/wp-json\/wp\/v2\/posts\/3175","targetHints":{"allow":["GET"]}}],"collection":[{"href":"https:\/\/vecinosdelinterior.com\/index.php\/wp-json\/wp\/v2\/posts"}],"about":[{"href":"https:\/\/vecinosdelinterior.com\/index.php\/wp-json\/wp\/v2\/types\/post"}],"author":[{"embeddable":true,"href":"https:\/\/vecinosdelinterior.com\/index.php\/wp-json\/wp\/v2\/users\/1"}],"replies":[{"embeddable":true,"href":"https:\/\/vecinosdelinterior.com\/index.php\/wp-json\/wp\/v2\/comments?post=3175"}],"version-history":[{"count":1,"href":"https:\/\/vecinosdelinterior.com\/index.php\/wp-json\/wp\/v2\/posts\/3175\/revisions"}],"predecessor-version":[{"id":3177,"href":"https:\/\/vecinosdelinterior.com\/index.php\/wp-json\/wp\/v2\/posts\/3175\/revisions\/3177"}],"wp:featuredmedia":[{"embeddable":true,"href":"https:\/\/vecinosdelinterior.com\/index.php\/wp-json\/wp\/v2\/media\/3176"}],"wp:attachment":[{"href":"https:\/\/vecinosdelinterior.com\/index.php\/wp-json\/wp\/v2\/media?parent=3175"}],"wp:term":[{"taxonomy":"category","embeddable":true,"href":"https:\/\/vecinosdelinterior.com\/index.php\/wp-json\/wp\/v2\/categories?post=3175"},{"taxonomy":"post_tag","embeddable":true,"href":"https:\/\/vecinosdelinterior.com\/index.php\/wp-json\/wp\/v2\/tags?post=3175"}],"curies":[{"name":"wp","href":"https:\/\/api.w.org\/{rel}","templated":true}]}}