{"id":319,"date":"2023-08-21T10:11:30","date_gmt":"2023-08-21T13:11:30","guid":{"rendered":"https:\/\/vecinosdelinterior.com\/?p=319"},"modified":"2023-08-21T10:11:30","modified_gmt":"2023-08-21T13:11:30","slug":"trabajan-para-combatir-el-incendio-entre-rio-grande-y-nogoli","status":"publish","type":"post","link":"https:\/\/vecinosdelinterior.com\/index.php\/2023\/08\/21\/trabajan-para-combatir-el-incendio-entre-rio-grande-y-nogoli\/","title":{"rendered":"Trabajan para combatir el incendio entre R\u00edo Grande y Nogol\u00ed"},"content":{"rendered":"\n<p>Bomberos Voluntarios de El Trapiche, junto a San Luis Solidario y Defensa Civil del municipio realizan tareas para apagar el fuego que comenz\u00f3 a arder alrededor de las 20:00 en una estancia.<br>\u201cHay varias dotaciones trabajando en el incendio, Defensa Civil municipal, San Luis Solidario, baqueanos y hab\u00eda personal del hospital disponible en el sector para actuar ante cualquier emergencia\u201d, mencion\u00f3 la jefa de San Luis Solidario, Juana Alzaga.<br>La zona afectada es \u201cLos Manantiales\u201d seg\u00fan informaci\u00f3n brindada por Bomberos Voluntarios. Seguir\u00e1n trabajando para poder controlar el incendio durante la madrugada pese a los fuertes vientos que dificultan la tarea.<\/p>\n\n\n\n<figure class=\"wp-block-image size-full\"><img fetchpriority=\"high\" decoding=\"async\" width=\"866\" height=\"663\" src=\"https:\/\/vecinosdelinterior.com\/wp-content\/uploads\/2023\/08\/WhatsApp-Image-2023-08-21-at-12.03.28-AM-e1692587695174.jpeg\" alt=\"\" class=\"wp-image-320\" srcset=\"https:\/\/vecinosdelinterior.com\/wp-content\/uploads\/2023\/08\/WhatsApp-Image-2023-08-21-at-12.03.28-AM-e1692587695174.jpeg 866w, https:\/\/vecinosdelinterior.com\/wp-content\/uploads\/2023\/08\/WhatsApp-Image-2023-08-21-at-12.03.28-AM-e1692587695174-300x230.jpeg 300w, https:\/\/vecinosdelinterior.com\/wp-content\/uploads\/2023\/08\/WhatsApp-Image-2023-08-21-at-12.03.28-AM-e1692587695174-768x588.jpeg 768w, https:\/\/vecinosdelinterior.com\/wp-content\/uploads\/2023\/08\/WhatsApp-Image-2023-08-21-at-12.03.28-AM-e1692587695174-750x574.jpeg 750w\" sizes=\"(max-width: 866px) 100vw, 866px\" \/><\/figure>\n","protected":false},"excerpt":{"rendered":"<p>Bomberos Voluntarios de El Trapiche, junto a San Luis Solidario y Defensa Civil del municipio realizan tareas para apagar el fuego que comenz\u00f3 a arder alrededor de las 20:00 en una estancia.\u201cHay varias dotaciones trabajando en el incendio, Defensa Civil municipal, San Luis Solidario, baqueanos y hab\u00eda personal del hospital disponible en el sector para [&hellip;]<\/p>\n","protected":false},"author":1,"featured_media":320,"comment_status":"open","ping_status":"open","sticky":false,"template":"","format":"standard","meta":{"footnotes":""},"categories":[135],"tags":[77],"class_list":["post-319","post","type-post","status-publish","format-standard","has-post-thumbnail","hentry","category-nogoli","tag-incendio"],"_links":{"self":[{"href":"https:\/\/vecinosdelinterior.com\/index.php\/wp-json\/wp\/v2\/posts\/319","targetHints":{"allow":["GET"]}}],"collection":[{"href":"https:\/\/vecinosdelinterior.com\/index.php\/wp-json\/wp\/v2\/posts"}],"about":[{"href":"https:\/\/vecinosdelinterior.com\/index.php\/wp-json\/wp\/v2\/types\/post"}],"author":[{"embeddable":true,"href":"https:\/\/vecinosdelinterior.com\/index.php\/wp-json\/wp\/v2\/users\/1"}],"replies":[{"embeddable":true,"href":"https:\/\/vecinosdelinterior.com\/index.php\/wp-json\/wp\/v2\/comments?post=319"}],"version-history":[{"count":1,"href":"https:\/\/vecinosdelinterior.com\/index.php\/wp-json\/wp\/v2\/posts\/319\/revisions"}],"predecessor-version":[{"id":321,"href":"https:\/\/vecinosdelinterior.com\/index.php\/wp-json\/wp\/v2\/posts\/319\/revisions\/321"}],"wp:featuredmedia":[{"embeddable":true,"href":"https:\/\/vecinosdelinterior.com\/index.php\/wp-json\/wp\/v2\/media\/320"}],"wp:attachment":[{"href":"https:\/\/vecinosdelinterior.com\/index.php\/wp-json\/wp\/v2\/media?parent=319"}],"wp:term":[{"taxonomy":"category","embeddable":true,"href":"https:\/\/vecinosdelinterior.com\/index.php\/wp-json\/wp\/v2\/categories?post=319"},{"taxonomy":"post_tag","embeddable":true,"href":"https:\/\/vecinosdelinterior.com\/index.php\/wp-json\/wp\/v2\/tags?post=319"}],"curies":[{"name":"wp","href":"https:\/\/api.w.org\/{rel}","templated":true}]}}