{"id":3194,"date":"2024-12-16T11:16:00","date_gmt":"2024-12-16T14:16:00","guid":{"rendered":"https:\/\/vecinosdelinterior.com\/?p=3194"},"modified":"2024-12-18T11:17:26","modified_gmt":"2024-12-18T14:17:26","slug":"brutal-agresion-en-patota-a-un-discapacitado-en-justo-daract","status":"publish","type":"post","link":"https:\/\/vecinosdelinterior.com\/index.php\/2024\/12\/16\/brutal-agresion-en-patota-a-un-discapacitado-en-justo-daract\/","title":{"rendered":"Brutal agresi\u00f3n en patota a un discapacitado en Justo Daract"},"content":{"rendered":"\n<p>El concejal de Justo Daract, Ram\u00f3n Guerrero, cont\u00f3 que el joven golpeado este domingo es sordomudo e iba a trabajar en el momento en que 4 chicos lo agredieron en plena v\u00eda p\u00fablica.<br>\u00abEst\u00e1 internado en el Sanatorio Aconcagua con politraumatismos, tiene quebrada la mand\u00edbula y hundimiento en la cabeza\u00bb, detall\u00f3 Guerrero.<br>ACTUALIZACI\u00d3N INFORMACI\u00d3N POLICIAL<br><em>Justo Daract: la Polic\u00eda demor\u00f3 a cuatro j\u00f3venes que golpearon a un hombre con discapacidad auditiva<\/em><br>Este domingo por la ma\u00f1ana, efectivos de la Comisar\u00eda Distrito 18\u00b0 de Justo Daract fueron alertados por unas personas que en calle C\u00f3rdoba, antes de calle Uriburu hab\u00eda un hombre tendido en la v\u00eda p\u00fablica que presentaba lesiones.<br>Al acudir al lugar, los uniformados se entrevistaron con un grupo de personas que manifestaron que el hombre circulaba en una moto Skua 250 y que un grupo de individuos, quienes tambi\u00e9n circulaban en motocicletas, lo hab\u00edan interceptado y lo hab\u00edan golpeado en ese sitio, provoc\u00e1ndole distintas lesiones.<br>El hombre, de 40 a\u00f1os de edad y que tiene una discapacidad auditiva, fue trasladado en una ambulancia hacia el hospital de Justo Daract, y luego fue derivado a la Cl\u00ednica Aconcagua de Villa Mercedes debido a la obra social que tiene.<br>Se le dio conocimiento a la Fiscal\u00eda de Instrucci\u00f3n N\u00b0 1 de la Segunda Circunscripci\u00f3n Judicial, a cargo del Dr. Maximiliano Bazla (fiscal adjunta, Dra. Cecilia Framini) y, en base a diversas tareas investigativas y entrevistas con familiares de la v\u00edctima y testigos, los efectivos policiales lograron establecer las identidades de los autores del hecho.<br>En ese sentido, se cit\u00f3 en la dependencia policial a cuatro j\u00f3venes masculinos (uno de 20 a\u00f1os, uno de 21 a\u00f1os y dos de 22 a\u00f1os de edad) y una joven femenina de 22 a\u00f1os.<br>Por orden de la Fiscal\u00eda de Instrucci\u00f3n de turno, los cuatro j\u00f3venes masculinos quedaron demorados; mientras que a la joven se le recibi\u00f3 una entrevista y luego se retir\u00f3 del lugar, de acuerdo a las providencias dictadas por la Fiscal\u00eda.<br>En tanto, contin\u00faan las tareas investigativas con respecto al hecho.<\/p>\n","protected":false},"excerpt":{"rendered":"<p>El concejal de Justo Daract, Ram\u00f3n Guerrero, cont\u00f3 que el joven golpeado este domingo es sordomudo e iba a trabajar en el momento en que 4 chicos lo agredieron en plena v\u00eda p\u00fablica.\u00abEst\u00e1 internado en el Sanatorio Aconcagua con politraumatismos, tiene quebrada la mand\u00edbula y hundimiento en la cabeza\u00bb, detall\u00f3 Guerrero.ACTUALIZACI\u00d3N INFORMACI\u00d3N POLICIALJusto Daract: la [&hellip;]<\/p>\n","protected":false},"author":1,"featured_media":3195,"comment_status":"open","ping_status":"open","sticky":false,"template":"","format":"standard","meta":{"footnotes":""},"categories":[127,98],"tags":[213,310],"class_list":["post-3194","post","type-post","status-publish","format-standard","has-post-thumbnail","hentry","category-justo-daract","category-pedernera","tag-policial","tag-violencia"],"_links":{"self":[{"href":"https:\/\/vecinosdelinterior.com\/index.php\/wp-json\/wp\/v2\/posts\/3194","targetHints":{"allow":["GET"]}}],"collection":[{"href":"https:\/\/vecinosdelinterior.com\/index.php\/wp-json\/wp\/v2\/posts"}],"about":[{"href":"https:\/\/vecinosdelinterior.com\/index.php\/wp-json\/wp\/v2\/types\/post"}],"author":[{"embeddable":true,"href":"https:\/\/vecinosdelinterior.com\/index.php\/wp-json\/wp\/v2\/users\/1"}],"replies":[{"embeddable":true,"href":"https:\/\/vecinosdelinterior.com\/index.php\/wp-json\/wp\/v2\/comments?post=3194"}],"version-history":[{"count":1,"href":"https:\/\/vecinosdelinterior.com\/index.php\/wp-json\/wp\/v2\/posts\/3194\/revisions"}],"predecessor-version":[{"id":3196,"href":"https:\/\/vecinosdelinterior.com\/index.php\/wp-json\/wp\/v2\/posts\/3194\/revisions\/3196"}],"wp:featuredmedia":[{"embeddable":true,"href":"https:\/\/vecinosdelinterior.com\/index.php\/wp-json\/wp\/v2\/media\/3195"}],"wp:attachment":[{"href":"https:\/\/vecinosdelinterior.com\/index.php\/wp-json\/wp\/v2\/media?parent=3194"}],"wp:term":[{"taxonomy":"category","embeddable":true,"href":"https:\/\/vecinosdelinterior.com\/index.php\/wp-json\/wp\/v2\/categories?post=3194"},{"taxonomy":"post_tag","embeddable":true,"href":"https:\/\/vecinosdelinterior.com\/index.php\/wp-json\/wp\/v2\/tags?post=3194"}],"curies":[{"name":"wp","href":"https:\/\/api.w.org\/{rel}","templated":true}]}}