{"id":3213,"date":"2024-12-19T13:12:51","date_gmt":"2024-12-19T16:12:51","guid":{"rendered":"https:\/\/vecinosdelinterior.com\/?p=3213"},"modified":"2024-12-19T13:12:51","modified_gmt":"2024-12-19T16:12:51","slug":"van-sumandose-artistas-para-el-cumple120-de-buena-esperanza","status":"publish","type":"post","link":"https:\/\/vecinosdelinterior.com\/index.php\/2024\/12\/19\/van-sumandose-artistas-para-el-cumple120-de-buena-esperanza\/","title":{"rendered":"Van sum\u00e1ndose artistas para el \u00abCumple120\u00bb de Buena Esperanza"},"content":{"rendered":"\n<p>Este domingo 22 de diciembre, en Plaza Sarmiento, las familias de nuestra localidad disfrutar\u00e1n desde las 18:30 hs un nuevo aniversario de Buena Esperanza.<br>Grilla de artistas confirmados:<br>\ud83d\udd39Trashumantes,<br>\ud83d\udd39Mariana Zurletti,<br>\ud83d\udd39Fidel Torres,<br>\ud83d\udd39Dalma Gil<br>\ud83d\udd39Ballet Alas de Mi Patria,<br>\ud83d\udd39Danzarte,<br>\ud83d\udd39Ballet \u00abLa Patria\u00bb,<br>\ud83d\udd39Ballet \u00abNahuel Mapu\u00bb<br>En este hermoso encuentro tambi\u00e9n acompa\u00f1ar\u00e1n emprendedores locales, artesanos , la mejor gastronom\u00eda.<br>Todo est\u00e1 preparada para disfrutarse a pleno, como cada evento realizado en esta pujante localidad.<\/p>\n\n\n\n<figure class=\"wp-block-image size-large\"><img fetchpriority=\"high\" decoding=\"async\" width=\"1024\" height=\"1024\" src=\"https:\/\/vecinosdelinterior.com\/wp-content\/uploads\/2024\/12\/470810118_122189817428146161_5805255568711552915_n-1024x1024.jpg\" alt=\"\" class=\"wp-image-3214\" srcset=\"https:\/\/vecinosdelinterior.com\/wp-content\/uploads\/2024\/12\/470810118_122189817428146161_5805255568711552915_n-1024x1024.jpg 1024w, https:\/\/vecinosdelinterior.com\/wp-content\/uploads\/2024\/12\/470810118_122189817428146161_5805255568711552915_n-300x300.jpg 300w, https:\/\/vecinosdelinterior.com\/wp-content\/uploads\/2024\/12\/470810118_122189817428146161_5805255568711552915_n-150x150.jpg 150w, https:\/\/vecinosdelinterior.com\/wp-content\/uploads\/2024\/12\/470810118_122189817428146161_5805255568711552915_n-768x768.jpg 768w, https:\/\/vecinosdelinterior.com\/wp-content\/uploads\/2024\/12\/470810118_122189817428146161_5805255568711552915_n-75x75.jpg 75w, https:\/\/vecinosdelinterior.com\/wp-content\/uploads\/2024\/12\/470810118_122189817428146161_5805255568711552915_n-750x750.jpg 750w, https:\/\/vecinosdelinterior.com\/wp-content\/uploads\/2024\/12\/470810118_122189817428146161_5805255568711552915_n.jpg 1080w\" sizes=\"(max-width: 1024px) 100vw, 1024px\" \/><\/figure>\n","protected":false},"excerpt":{"rendered":"<p>Este domingo 22 de diciembre, en Plaza Sarmiento, las familias de nuestra localidad disfrutar\u00e1n desde las 18:30 hs un nuevo aniversario de Buena Esperanza.Grilla de artistas confirmados:\ud83d\udd39Trashumantes,\ud83d\udd39Mariana Zurletti,\ud83d\udd39Fidel Torres,\ud83d\udd39Dalma Gil\ud83d\udd39Ballet Alas de Mi Patria,\ud83d\udd39Danzarte,\ud83d\udd39Ballet \u00abLa Patria\u00bb,\ud83d\udd39Ballet \u00abNahuel Mapu\u00bbEn este hermoso encuentro tambi\u00e9n acompa\u00f1ar\u00e1n emprendedores locales, artesanos , la mejor gastronom\u00eda.Todo est\u00e1 preparada para disfrutarse a [&hellip;]<\/p>\n","protected":false},"author":1,"featured_media":3214,"comment_status":"open","ping_status":"open","sticky":false,"template":"","format":"standard","meta":{"footnotes":""},"categories":[18,16],"tags":[],"class_list":["post-3213","post","type-post","status-publish","format-standard","has-post-thumbnail","hentry","category-buena-esperanza-dupuy","category-dupuy"],"_links":{"self":[{"href":"https:\/\/vecinosdelinterior.com\/index.php\/wp-json\/wp\/v2\/posts\/3213","targetHints":{"allow":["GET"]}}],"collection":[{"href":"https:\/\/vecinosdelinterior.com\/index.php\/wp-json\/wp\/v2\/posts"}],"about":[{"href":"https:\/\/vecinosdelinterior.com\/index.php\/wp-json\/wp\/v2\/types\/post"}],"author":[{"embeddable":true,"href":"https:\/\/vecinosdelinterior.com\/index.php\/wp-json\/wp\/v2\/users\/1"}],"replies":[{"embeddable":true,"href":"https:\/\/vecinosdelinterior.com\/index.php\/wp-json\/wp\/v2\/comments?post=3213"}],"version-history":[{"count":1,"href":"https:\/\/vecinosdelinterior.com\/index.php\/wp-json\/wp\/v2\/posts\/3213\/revisions"}],"predecessor-version":[{"id":3215,"href":"https:\/\/vecinosdelinterior.com\/index.php\/wp-json\/wp\/v2\/posts\/3213\/revisions\/3215"}],"wp:featuredmedia":[{"embeddable":true,"href":"https:\/\/vecinosdelinterior.com\/index.php\/wp-json\/wp\/v2\/media\/3214"}],"wp:attachment":[{"href":"https:\/\/vecinosdelinterior.com\/index.php\/wp-json\/wp\/v2\/media?parent=3213"}],"wp:term":[{"taxonomy":"category","embeddable":true,"href":"https:\/\/vecinosdelinterior.com\/index.php\/wp-json\/wp\/v2\/categories?post=3213"},{"taxonomy":"post_tag","embeddable":true,"href":"https:\/\/vecinosdelinterior.com\/index.php\/wp-json\/wp\/v2\/tags?post=3213"}],"curies":[{"name":"wp","href":"https:\/\/api.w.org\/{rel}","templated":true}]}}