{"id":3219,"date":"2024-12-19T09:27:00","date_gmt":"2024-12-19T12:27:00","guid":{"rendered":"https:\/\/vecinosdelinterior.com\/?p=3219"},"modified":"2024-12-19T13:30:06","modified_gmt":"2024-12-19T16:30:06","slug":"el-municipio-de-juana-koslay-adquirio-una-nueva-camioneta-de-monitoreo","status":"publish","type":"post","link":"https:\/\/vecinosdelinterior.com\/index.php\/2024\/12\/19\/el-municipio-de-juana-koslay-adquirio-una-nueva-camioneta-de-monitoreo\/","title":{"rendered":"El municipio de Juana Koslay adquiri\u00f3 una nueva camioneta de monitoreo"},"content":{"rendered":"\n<p>Lo public\u00f3 el intendente Jorge \u00abToti\u00bb Videla a trav\u00e9s de las redes sociales.<br>El veh\u00edculo har\u00e1 patrullajes preventivos en los barrios.<br>\u00abSumamos una nueva camioneta al equipo municipal. Este veh\u00edculo recorrer\u00e1 cada rinc\u00f3n de nuestros barrios, Ilevando prevenci\u00f3n, seguridad y tranquilidad a cada familia.<br>En caso de cualquier eventualidad, estar\u00e1 conectada directamente con las comisar\u00edas 34\u00b0 y 5\u00b0, porque tu bienestar es nuestra prioridad\u00bb fue lo anunciado por el intendente junto al video que muestra la camioneta que ya dispone el municipio l servicio de toda la comunidad de Juana Koslay.<\/p>\n\n\n\n<figure class=\"wp-block-gallery has-nested-images columns-default is-cropped wp-block-gallery-1 is-layout-flex wp-block-gallery-is-layout-flex\">\n<figure class=\"wp-block-image size-large\"><img fetchpriority=\"high\" decoding=\"async\" width=\"349\" height=\"494\" data-id=\"3220\" src=\"https:\/\/vecinosdelinterior.com\/wp-content\/uploads\/2024\/12\/19-12-2024-13-25-30.jpg\" alt=\"\" class=\"wp-image-3220\" srcset=\"https:\/\/vecinosdelinterior.com\/wp-content\/uploads\/2024\/12\/19-12-2024-13-25-30.jpg 349w, https:\/\/vecinosdelinterior.com\/wp-content\/uploads\/2024\/12\/19-12-2024-13-25-30-212x300.jpg 212w\" sizes=\"(max-width: 349px) 100vw, 349px\" \/><\/figure>\n\n\n\n<figure class=\"wp-block-image size-large\"><img decoding=\"async\" width=\"345\" height=\"488\" data-id=\"3221\" src=\"https:\/\/vecinosdelinterior.com\/wp-content\/uploads\/2024\/12\/19-12-2024-13-25-11.jpg\" alt=\"\" class=\"wp-image-3221\" srcset=\"https:\/\/vecinosdelinterior.com\/wp-content\/uploads\/2024\/12\/19-12-2024-13-25-11.jpg 345w, https:\/\/vecinosdelinterior.com\/wp-content\/uploads\/2024\/12\/19-12-2024-13-25-11-212x300.jpg 212w\" sizes=\"(max-width: 345px) 100vw, 345px\" \/><\/figure>\n<\/figure>\n","protected":false},"excerpt":{"rendered":"<p>Lo public\u00f3 el intendente Jorge \u00abToti\u00bb Videla a trav\u00e9s de las redes sociales.El veh\u00edculo har\u00e1 patrullajes preventivos en los barrios.\u00abSumamos una nueva camioneta al equipo municipal. Este veh\u00edculo recorrer\u00e1 cada rinc\u00f3n de nuestros barrios, Ilevando prevenci\u00f3n, seguridad y tranquilidad a cada familia.En caso de cualquier eventualidad, estar\u00e1 conectada directamente con las comisar\u00edas 34\u00b0 y 5\u00b0, [&hellip;]<\/p>\n","protected":false},"author":1,"featured_media":3220,"comment_status":"open","ping_status":"open","sticky":false,"template":"","format":"standard","meta":{"footnotes":""},"categories":[398,12],"tags":[177],"class_list":["post-3219","post","type-post","status-publish","format-standard","has-post-thumbnail","hentry","category-juana-koslay","category-pueyrredon","tag-gestiones-destacadas"],"_links":{"self":[{"href":"https:\/\/vecinosdelinterior.com\/index.php\/wp-json\/wp\/v2\/posts\/3219","targetHints":{"allow":["GET"]}}],"collection":[{"href":"https:\/\/vecinosdelinterior.com\/index.php\/wp-json\/wp\/v2\/posts"}],"about":[{"href":"https:\/\/vecinosdelinterior.com\/index.php\/wp-json\/wp\/v2\/types\/post"}],"author":[{"embeddable":true,"href":"https:\/\/vecinosdelinterior.com\/index.php\/wp-json\/wp\/v2\/users\/1"}],"replies":[{"embeddable":true,"href":"https:\/\/vecinosdelinterior.com\/index.php\/wp-json\/wp\/v2\/comments?post=3219"}],"version-history":[{"count":1,"href":"https:\/\/vecinosdelinterior.com\/index.php\/wp-json\/wp\/v2\/posts\/3219\/revisions"}],"predecessor-version":[{"id":3222,"href":"https:\/\/vecinosdelinterior.com\/index.php\/wp-json\/wp\/v2\/posts\/3219\/revisions\/3222"}],"wp:featuredmedia":[{"embeddable":true,"href":"https:\/\/vecinosdelinterior.com\/index.php\/wp-json\/wp\/v2\/media\/3220"}],"wp:attachment":[{"href":"https:\/\/vecinosdelinterior.com\/index.php\/wp-json\/wp\/v2\/media?parent=3219"}],"wp:term":[{"taxonomy":"category","embeddable":true,"href":"https:\/\/vecinosdelinterior.com\/index.php\/wp-json\/wp\/v2\/categories?post=3219"},{"taxonomy":"post_tag","embeddable":true,"href":"https:\/\/vecinosdelinterior.com\/index.php\/wp-json\/wp\/v2\/tags?post=3219"}],"curies":[{"name":"wp","href":"https:\/\/api.w.org\/{rel}","templated":true}]}}