{"id":3229,"date":"2024-12-20T09:26:00","date_gmt":"2024-12-20T12:26:00","guid":{"rendered":"https:\/\/vecinosdelinterior.com\/?p=3229"},"modified":"2024-12-20T22:27:26","modified_gmt":"2024-12-21T01:27:26","slug":"la-comunidad-de-villa-larca-se-prepara-para-el-16o-festival-de-los-artesanos","status":"publish","type":"post","link":"https:\/\/vecinosdelinterior.com\/index.php\/2024\/12\/20\/la-comunidad-de-villa-larca-se-prepara-para-el-16o-festival-de-los-artesanos\/","title":{"rendered":"La comunidad de Villa Larca se prepara para el 16\u00ba Festival de los Artesanos"},"content":{"rendered":"\n<p>El municipio de Villa Larca ultima detalles para el 16\u00ba Festival de los Artesanos de la Costa de los Comechingones, que se celebrar\u00e1 el s\u00e1bado 4 de enero a las 21:00.<br>Este evento constituye uno de los m\u00e1s esperados de la temporada de verano, con una jornada de exposici\u00f3n de artesan\u00edas, tradiciones, m\u00fasica y gastronom\u00eda. Ser\u00e1 en el Complejo Polideportivo Municipal, con entrada libre y gratuita.<br>La celebraci\u00f3n tendr\u00e1 una grilla de reconocidos artistas provinciales y nacionales: Los Caldenes, Juancito Colman, Uber Amato, Chipote, Ballet Comechingones, Ballet Ra\u00edces de Larca, Escuela de danza Inti Quiy\u00e1, Sonia Amaya, Distrito sonidero y DJ Leo Castillo. La locuci\u00f3n estar\u00e1 a cargo de \u2018Lechu\u2019 Mercado y \u2018Peque\u00f1o\u2019 L\u00f3pez.<br>El p\u00fablico podr\u00e1 adquirir productos artesanales \u00fanicos y exclusivo, como asimismo tendr\u00e1 a disposici\u00f3n puestos gastron\u00f3micos con comidas regionales. Desde la organizaci\u00f3n, informaron que los asistentes podr\u00e1n llevar sus propias reposeras, pero estar\u00e1 prohibido el ingreso de conservadoras.<br>Otro gran atractivo ser\u00e1 el sorteo de dos motos Mondial LD 110 MAX R\/T cero kil\u00f3metro exclusivo para residentes de Villa Larca que sean mayores de 18 a\u00f1os. Los vecinos podr\u00e1n retirar su n\u00famero (uno por persona) desde el 26 de diciembre hasta el 3 de enero, en el horario de 8:00 a 12:00, en la Oficina de Turismo. Los interesados deber\u00e1n presentar su DNI o constancia de domicilio en Villa Larca. Adem\u00e1s, aclararon que quien resulte ganador tendr\u00e1 que estar presente al momento del sorteo<\/p>\n","protected":false},"excerpt":{"rendered":"<p>El municipio de Villa Larca ultima detalles para el 16\u00ba Festival de los Artesanos de la Costa de los Comechingones, que se celebrar\u00e1 el s\u00e1bado 4 de enero a las 21:00.Este evento constituye uno de los m\u00e1s esperados de la temporada de verano, con una jornada de exposici\u00f3n de artesan\u00edas, tradiciones, m\u00fasica y gastronom\u00eda. Ser\u00e1 [&hellip;]<\/p>\n","protected":false},"author":1,"featured_media":3230,"comment_status":"open","ping_status":"open","sticky":false,"template":"","format":"standard","meta":{"footnotes":""},"categories":[29,89],"tags":[333,175],"class_list":["post-3229","post","type-post","status-publish","format-standard","has-post-thumbnail","hentry","category-chacabuco","category-villa-larca","tag-festivales","tag-turismo"],"_links":{"self":[{"href":"https:\/\/vecinosdelinterior.com\/index.php\/wp-json\/wp\/v2\/posts\/3229","targetHints":{"allow":["GET"]}}],"collection":[{"href":"https:\/\/vecinosdelinterior.com\/index.php\/wp-json\/wp\/v2\/posts"}],"about":[{"href":"https:\/\/vecinosdelinterior.com\/index.php\/wp-json\/wp\/v2\/types\/post"}],"author":[{"embeddable":true,"href":"https:\/\/vecinosdelinterior.com\/index.php\/wp-json\/wp\/v2\/users\/1"}],"replies":[{"embeddable":true,"href":"https:\/\/vecinosdelinterior.com\/index.php\/wp-json\/wp\/v2\/comments?post=3229"}],"version-history":[{"count":1,"href":"https:\/\/vecinosdelinterior.com\/index.php\/wp-json\/wp\/v2\/posts\/3229\/revisions"}],"predecessor-version":[{"id":3231,"href":"https:\/\/vecinosdelinterior.com\/index.php\/wp-json\/wp\/v2\/posts\/3229\/revisions\/3231"}],"wp:featuredmedia":[{"embeddable":true,"href":"https:\/\/vecinosdelinterior.com\/index.php\/wp-json\/wp\/v2\/media\/3230"}],"wp:attachment":[{"href":"https:\/\/vecinosdelinterior.com\/index.php\/wp-json\/wp\/v2\/media?parent=3229"}],"wp:term":[{"taxonomy":"category","embeddable":true,"href":"https:\/\/vecinosdelinterior.com\/index.php\/wp-json\/wp\/v2\/categories?post=3229"},{"taxonomy":"post_tag","embeddable":true,"href":"https:\/\/vecinosdelinterior.com\/index.php\/wp-json\/wp\/v2\/tags?post=3229"}],"curies":[{"name":"wp","href":"https:\/\/api.w.org\/{rel}","templated":true}]}}