{"id":3235,"date":"2024-12-21T13:03:00","date_gmt":"2024-12-21T16:03:00","guid":{"rendered":"https:\/\/vecinosdelinterior.com\/?p=3235"},"modified":"2024-12-21T13:05:54","modified_gmt":"2024-12-21T16:05:54","slug":"el-nuevo-ano-llegara-de-la-mano-de-la-fiesta-provincial-del-artesano","status":"publish","type":"post","link":"https:\/\/vecinosdelinterior.com\/index.php\/2024\/12\/21\/el-nuevo-ano-llegara-de-la-mano-de-la-fiesta-provincial-del-artesano\/","title":{"rendered":"El nuevo a\u00f1o llegar\u00e1 de la mano de la Fiesta Provincial del Artesano"},"content":{"rendered":"\n<p><\/p>\n\n\n\n<p>Las noches del 2 y 3 de enero de 2025 tendr\u00e1 lugar la popular celebraci\u00f3n que combina m\u00fasica, arte y tradici\u00f3n en San Francisco del Monte de Oro. Reconocidos artistas provinciales y nacionales se presentar\u00e1n en el Polideportivo Municipal. Las entradas ya est\u00e1n a la venta.<\/p>\n\n\n\n<p>Los primeros d\u00edas de enero, San Francisco realizar\u00e1 el 36\u00b0 Festival Provincial del Artesano. Ser\u00e1 a las las 20:00 en el Polideportivo Municipal.<\/p>\n\n\n\n<p>Como hace m\u00e1s de tres d\u00e9cadas, el evento conmemorar\u00e1 la cultura y el arte local con una destacada grilla art\u00edstica. Las entradas pueden adquirirse virtualmente aqu\u00ed o de forma presencial en la Municipalidad y otros puntos habilitados, que ser\u00e1n difundidos en las redes sociales del municipio.<\/p>\n\n\n\n<figure class=\"wp-block-gallery has-nested-images columns-default is-cropped wp-block-gallery-1 is-layout-flex wp-block-gallery-is-layout-flex\">\n<figure class=\"wp-block-image size-large\"><img fetchpriority=\"high\" decoding=\"async\" width=\"500\" height=\"412\" data-id=\"3236\" src=\"https:\/\/vecinosdelinterior.com\/wp-content\/uploads\/2024\/12\/FESTIVAL-EN-SAN-FRANCISCO-4-500x412-1.jpg\" alt=\"\" class=\"wp-image-3236\" srcset=\"https:\/\/vecinosdelinterior.com\/wp-content\/uploads\/2024\/12\/FESTIVAL-EN-SAN-FRANCISCO-4-500x412-1.jpg 500w, https:\/\/vecinosdelinterior.com\/wp-content\/uploads\/2024\/12\/FESTIVAL-EN-SAN-FRANCISCO-4-500x412-1-300x247.jpg 300w\" sizes=\"(max-width: 500px) 100vw, 500px\" \/><\/figure>\n\n\n\n<figure class=\"wp-block-image size-large\"><img decoding=\"async\" width=\"740\" height=\"493\" data-id=\"3237\" src=\"https:\/\/vecinosdelinterior.com\/wp-content\/uploads\/2024\/12\/FESTIVAL-EN-SAN-FRANCISCO-1.jpeg\" alt=\"\" class=\"wp-image-3237\" srcset=\"https:\/\/vecinosdelinterior.com\/wp-content\/uploads\/2024\/12\/FESTIVAL-EN-SAN-FRANCISCO-1.jpeg 740w, https:\/\/vecinosdelinterior.com\/wp-content\/uploads\/2024\/12\/FESTIVAL-EN-SAN-FRANCISCO-1-300x200.jpeg 300w\" sizes=\"(max-width: 740px) 100vw, 740px\" \/><\/figure>\n\n\n\n<figure class=\"wp-block-image size-large\"><img decoding=\"async\" width=\"1024\" height=\"683\" data-id=\"3238\" src=\"https:\/\/vecinosdelinterior.com\/wp-content\/uploads\/2024\/12\/FESTIVAL-EN-SAN-FRANCISCO-3-1024x683.jpeg\" alt=\"\" class=\"wp-image-3238\" srcset=\"https:\/\/vecinosdelinterior.com\/wp-content\/uploads\/2024\/12\/FESTIVAL-EN-SAN-FRANCISCO-3-1024x683.jpeg 1024w, https:\/\/vecinosdelinterior.com\/wp-content\/uploads\/2024\/12\/FESTIVAL-EN-SAN-FRANCISCO-3-300x200.jpeg 300w, https:\/\/vecinosdelinterior.com\/wp-content\/uploads\/2024\/12\/FESTIVAL-EN-SAN-FRANCISCO-3-768x512.jpeg 768w, https:\/\/vecinosdelinterior.com\/wp-content\/uploads\/2024\/12\/FESTIVAL-EN-SAN-FRANCISCO-3-1536x1024.jpeg 1536w, https:\/\/vecinosdelinterior.com\/wp-content\/uploads\/2024\/12\/FESTIVAL-EN-SAN-FRANCISCO-3-750x500.jpeg 750w, https:\/\/vecinosdelinterior.com\/wp-content\/uploads\/2024\/12\/FESTIVAL-EN-SAN-FRANCISCO-3-1140x760.jpeg 1140w, https:\/\/vecinosdelinterior.com\/wp-content\/uploads\/2024\/12\/FESTIVAL-EN-SAN-FRANCISCO-3.jpeg 1600w\" sizes=\"(max-width: 1024px) 100vw, 1024px\" \/><\/figure>\n\n\n\n<figure class=\"wp-block-image size-large\"><img loading=\"lazy\" decoding=\"async\" width=\"1024\" height=\"683\" data-id=\"3239\" src=\"https:\/\/vecinosdelinterior.com\/wp-content\/uploads\/2024\/12\/FESTIVAL-EN-SAN-FRANCISCO-2-1024x683.jpeg\" alt=\"\" class=\"wp-image-3239\" srcset=\"https:\/\/vecinosdelinterior.com\/wp-content\/uploads\/2024\/12\/FESTIVAL-EN-SAN-FRANCISCO-2-1024x683.jpeg 1024w, https:\/\/vecinosdelinterior.com\/wp-content\/uploads\/2024\/12\/FESTIVAL-EN-SAN-FRANCISCO-2-300x200.jpeg 300w, https:\/\/vecinosdelinterior.com\/wp-content\/uploads\/2024\/12\/FESTIVAL-EN-SAN-FRANCISCO-2-768x512.jpeg 768w, https:\/\/vecinosdelinterior.com\/wp-content\/uploads\/2024\/12\/FESTIVAL-EN-SAN-FRANCISCO-2-1536x1024.jpeg 1536w, https:\/\/vecinosdelinterior.com\/wp-content\/uploads\/2024\/12\/FESTIVAL-EN-SAN-FRANCISCO-2-750x500.jpeg 750w, https:\/\/vecinosdelinterior.com\/wp-content\/uploads\/2024\/12\/FESTIVAL-EN-SAN-FRANCISCO-2-1140x760.jpeg 1140w, https:\/\/vecinosdelinterior.com\/wp-content\/uploads\/2024\/12\/FESTIVAL-EN-SAN-FRANCISCO-2.jpeg 1600w\" sizes=\"(max-width: 1024px) 100vw, 1024px\" \/><\/figure>\n<\/figure>\n\n\n\n<p><\/p>\n\n\n\n<p>El jueves 2 de enero, subir\u00e1n al escenario Euge Quevedo y la Banda de Carlitos, Tr\u00edo Chamamecero, Emanuel Mansilla, Simplemente Los Cantores del Alba y Los Pasioneros. Para el viernes 3 de enero, los principales n\u00fameros art\u00edsticos estar\u00e1n integrados por Ceibo, Los Sanfra, Waqay, Juan Manuel \u2018El \u00e1ngel tropical\u2019 y Chipote. Durante ambas noches bailar\u00e1n diferentes academias folcl\u00f3ricas de la regi\u00f3n.<\/p>\n\n\n\n<p>Como cierre, los organizadores del festival llevar\u00e1n adelante la tradicional elecci\u00f3n de la Reina. Adem\u00e1s, el p\u00fablico que concurra tendr\u00e1 puestos gastron\u00f3micos para disfrutar diferentes platos t\u00edpicos con los mejores sabores.<\/p>\n\n\n\n<p>Esta festividad no solo representa un homenaje al talento y la labor creativa de los artesanos locales, sino tambi\u00e9n una oportunidad para que turistas de todo el pa\u00eds disfruten del entorno natural, la gastronom\u00eda, las tradiciones y la hospitalidad de San Francisco del Monte de Oro.<\/p>\n","protected":false},"excerpt":{"rendered":"<p>Las noches del 2 y 3 de enero de 2025 tendr\u00e1 lugar la popular celebraci\u00f3n que combina m\u00fasica, arte y tradici\u00f3n en San Francisco del Monte de Oro. Reconocidos artistas provinciales y nacionales se presentar\u00e1n en el Polideportivo Municipal. Las entradas ya est\u00e1n a la venta. Los primeros d\u00edas de enero, San Francisco realizar\u00e1 el [&hellip;]<\/p>\n","protected":false},"author":1,"featured_media":3236,"comment_status":"open","ping_status":"open","sticky":false,"template":"","format":"standard","meta":{"footnotes":""},"categories":[8,9],"tags":[333,175],"class_list":["post-3235","post","type-post","status-publish","format-standard","has-post-thumbnail","hentry","category-ayacucho","category-san-francisco","tag-festivales","tag-turismo"],"_links":{"self":[{"href":"https:\/\/vecinosdelinterior.com\/index.php\/wp-json\/wp\/v2\/posts\/3235","targetHints":{"allow":["GET"]}}],"collection":[{"href":"https:\/\/vecinosdelinterior.com\/index.php\/wp-json\/wp\/v2\/posts"}],"about":[{"href":"https:\/\/vecinosdelinterior.com\/index.php\/wp-json\/wp\/v2\/types\/post"}],"author":[{"embeddable":true,"href":"https:\/\/vecinosdelinterior.com\/index.php\/wp-json\/wp\/v2\/users\/1"}],"replies":[{"embeddable":true,"href":"https:\/\/vecinosdelinterior.com\/index.php\/wp-json\/wp\/v2\/comments?post=3235"}],"version-history":[{"count":1,"href":"https:\/\/vecinosdelinterior.com\/index.php\/wp-json\/wp\/v2\/posts\/3235\/revisions"}],"predecessor-version":[{"id":3240,"href":"https:\/\/vecinosdelinterior.com\/index.php\/wp-json\/wp\/v2\/posts\/3235\/revisions\/3240"}],"wp:featuredmedia":[{"embeddable":true,"href":"https:\/\/vecinosdelinterior.com\/index.php\/wp-json\/wp\/v2\/media\/3236"}],"wp:attachment":[{"href":"https:\/\/vecinosdelinterior.com\/index.php\/wp-json\/wp\/v2\/media?parent=3235"}],"wp:term":[{"taxonomy":"category","embeddable":true,"href":"https:\/\/vecinosdelinterior.com\/index.php\/wp-json\/wp\/v2\/categories?post=3235"},{"taxonomy":"post_tag","embeddable":true,"href":"https:\/\/vecinosdelinterior.com\/index.php\/wp-json\/wp\/v2\/tags?post=3235"}],"curies":[{"name":"wp","href":"https:\/\/api.w.org\/{rel}","templated":true}]}}