{"id":3284,"date":"2024-12-26T11:54:00","date_gmt":"2024-12-26T14:54:00","guid":{"rendered":"https:\/\/vecinosdelinterior.com\/?p=3284"},"modified":"2024-12-26T13:02:56","modified_gmt":"2024-12-26T16:02:56","slug":"quines-festeja-la-xxiii-fiesta-nacional-del-mate-y-los-artesanos-de-la-madera","status":"publish","type":"post","link":"https:\/\/vecinosdelinterior.com\/index.php\/2024\/12\/26\/quines-festeja-la-xxiii-fiesta-nacional-del-mate-y-los-artesanos-de-la-madera\/","title":{"rendered":"Quines festeja la XXIII Fiesta Nacional del Mate y los Artesanos de la Madera."},"content":{"rendered":"\n<p>VECINOSDELINTERIOR.COM \/ 26 DE DICIEMBRE<br>Ser\u00e1 el pr\u00f3ximo 4 de enero, c.<br>Comenzamos el 2025 a pura Fiesta en Plaza Lafinur, con entrada libre y gratuita , honrando el trabajo laborioso de las creativas e incansables manos de nuestros artesanos de la madera que festejan y agradecen, junto a toda la ciudad, un a\u00f1o m\u00e1s de tan gratificante labor que es s\u00edmbolo de un gigante y rico legado hist\u00f3rico y tradicional. \ud83e\uddc9<br>A partir de las 21,30 horas, el Paseo de Artesanos y la Feria Gastron\u00f3mica ser\u00e1n acompa\u00f1ados por\u2026<br>\u25cfAcademia de Danzas \u00abLa Candelaria\u00bb<br>\u25cf Los Norte\u00f1os<br>\u25cf La Cautana<br>\u25cf Los Amigos del Chamam\u00e9 \ud83e\ude97<br>\u25cf Las Voces de San Carlos \ud83e\ude95<br>\u25cf La Firma Cumbia Pop<br>\u25cf Q&#8217; Plan \ud83e\udd73<br>\ud83d\udc51 Elecci\u00f3n y Coronaci\u00f3n de la Nueva Reina<\/p>\n\n\n\n<figure class=\"wp-block-image size-large\"><img fetchpriority=\"high\" decoding=\"async\" width=\"819\" height=\"1024\" src=\"https:\/\/vecinosdelinterior.com\/wp-content\/uploads\/2024\/12\/470572937_569193726035333_8600495198996989116_n-1-819x1024.jpg\" alt=\"\" class=\"wp-image-3285\" srcset=\"https:\/\/vecinosdelinterior.com\/wp-content\/uploads\/2024\/12\/470572937_569193726035333_8600495198996989116_n-1-819x1024.jpg 819w, https:\/\/vecinosdelinterior.com\/wp-content\/uploads\/2024\/12\/470572937_569193726035333_8600495198996989116_n-1-240x300.jpg 240w, https:\/\/vecinosdelinterior.com\/wp-content\/uploads\/2024\/12\/470572937_569193726035333_8600495198996989116_n-1-768x960.jpg 768w, https:\/\/vecinosdelinterior.com\/wp-content\/uploads\/2024\/12\/470572937_569193726035333_8600495198996989116_n-1-1229x1536.jpg 1229w, https:\/\/vecinosdelinterior.com\/wp-content\/uploads\/2024\/12\/470572937_569193726035333_8600495198996989116_n-1-750x938.jpg 750w, https:\/\/vecinosdelinterior.com\/wp-content\/uploads\/2024\/12\/470572937_569193726035333_8600495198996989116_n-1-1140x1425.jpg 1140w, https:\/\/vecinosdelinterior.com\/wp-content\/uploads\/2024\/12\/470572937_569193726035333_8600495198996989116_n-1.jpg 1440w\" sizes=\"(max-width: 819px) 100vw, 819px\" \/><\/figure>\n","protected":false},"excerpt":{"rendered":"<p>VECINOSDELINTERIOR.COM \/ 26 DE DICIEMBRESer\u00e1 el pr\u00f3ximo 4 de enero, c.Comenzamos el 2025 a pura Fiesta en Plaza Lafinur, con entrada libre y gratuita , honrando el trabajo laborioso de las creativas e incansables manos de nuestros artesanos de la madera que festejan y agradecen, junto a toda la ciudad, un a\u00f1o m\u00e1s de tan [&hellip;]<\/p>\n","protected":false},"author":1,"featured_media":3285,"comment_status":"open","ping_status":"open","sticky":false,"template":"","format":"standard","meta":{"footnotes":""},"categories":[8,54],"tags":[333,175,479],"class_list":["post-3284","post","type-post","status-publish","format-standard","has-post-thumbnail","hentry","category-ayacucho","category-quines-ayacucho","tag-festivales","tag-turismo","tag-xxiii-fiesta-nacional-del-mate-y-los-artesanos-de-la-madera"],"_links":{"self":[{"href":"https:\/\/vecinosdelinterior.com\/index.php\/wp-json\/wp\/v2\/posts\/3284","targetHints":{"allow":["GET"]}}],"collection":[{"href":"https:\/\/vecinosdelinterior.com\/index.php\/wp-json\/wp\/v2\/posts"}],"about":[{"href":"https:\/\/vecinosdelinterior.com\/index.php\/wp-json\/wp\/v2\/types\/post"}],"author":[{"embeddable":true,"href":"https:\/\/vecinosdelinterior.com\/index.php\/wp-json\/wp\/v2\/users\/1"}],"replies":[{"embeddable":true,"href":"https:\/\/vecinosdelinterior.com\/index.php\/wp-json\/wp\/v2\/comments?post=3284"}],"version-history":[{"count":1,"href":"https:\/\/vecinosdelinterior.com\/index.php\/wp-json\/wp\/v2\/posts\/3284\/revisions"}],"predecessor-version":[{"id":3286,"href":"https:\/\/vecinosdelinterior.com\/index.php\/wp-json\/wp\/v2\/posts\/3284\/revisions\/3286"}],"wp:featuredmedia":[{"embeddable":true,"href":"https:\/\/vecinosdelinterior.com\/index.php\/wp-json\/wp\/v2\/media\/3285"}],"wp:attachment":[{"href":"https:\/\/vecinosdelinterior.com\/index.php\/wp-json\/wp\/v2\/media?parent=3284"}],"wp:term":[{"taxonomy":"category","embeddable":true,"href":"https:\/\/vecinosdelinterior.com\/index.php\/wp-json\/wp\/v2\/categories?post=3284"},{"taxonomy":"post_tag","embeddable":true,"href":"https:\/\/vecinosdelinterior.com\/index.php\/wp-json\/wp\/v2\/tags?post=3284"}],"curies":[{"name":"wp","href":"https:\/\/api.w.org\/{rel}","templated":true}]}}