{"id":330,"date":"2023-08-23T13:32:20","date_gmt":"2023-08-23T16:32:20","guid":{"rendered":"https:\/\/vecinosdelinterior.com\/?p=330"},"modified":"2023-08-23T13:32:21","modified_gmt":"2023-08-23T16:32:21","slug":"alrededor-de-2000-metros-de-fibra-danada-por-los-incendios-en-el-trapiche","status":"publish","type":"post","link":"https:\/\/vecinosdelinterior.com\/index.php\/2023\/08\/23\/alrededor-de-2000-metros-de-fibra-danada-por-los-incendios-en-el-trapiche\/","title":{"rendered":"Alrededor de 2000 metros de fibra da\u00f1ada por los incendios en El Trapiche"},"content":{"rendered":"\n<p>El fuego ocasion\u00f3 da\u00f1os a un tramo de fibra \u00f3ptica a la vera de la Ruta 9, en proximidades de El Trapiche y R\u00edo Grande. Los equipos t\u00e9cnicos hicieron un relevamiento de los da\u00f1os y esperan la autorizaci\u00f3n de Bomberos para comenzar el operativo de reparaci\u00f3n. Los da\u00f1os de fibra no afectaron los servicios de conectividad brindados por AUI.<\/p>\n\n\n\n<p>Los incendios ocurridos durante las \u00faltimas jornadas en la zona de El Trapiche y R\u00edo Grande afectaron los trazados de fibra \u00f3ptica de la Autopista de la Informaci\u00f3n. Tras el primer relevamiento, los equipos t\u00e9cnicos detectaron da\u00f1os en un tramo aproximadamente de 2000 metros, sobre un tramo de fibra \u00f3ptica que une El Trapiche con La Carolina. El director de Autopista de la Informaci\u00f3n, Franco Videla, explic\u00f3 que a pesar del da\u00f1o \u201cesto no afecta al servicio en el resto de la provincia, ya que la infraestructura de conectividad est\u00e1 pensada de forma recursiva, en forma de anillo, para evitar cortes en el servicio ante estas eventualidades\u201d.<\/p>\n\n\n\n<p>El funcionario indic\u00f3 que esperan la instalaci\u00f3n de postes por parte de la empresa de energ\u00eda y autorizaci\u00f3n de Bomberos para comenzar el operativo de reparaci\u00f3n.<\/p>\n\n\n\n<figure class=\"wp-block-gallery has-nested-images columns-default is-cropped wp-block-gallery-1 is-layout-flex wp-block-gallery-is-layout-flex\">\n<figure class=\"wp-block-image size-large\"><img fetchpriority=\"high\" decoding=\"async\" width=\"972\" height=\"589\" data-id=\"331\" src=\"https:\/\/vecinosdelinterior.com\/wp-content\/uploads\/2023\/08\/23-8-2023-13-31-19.jpg\" alt=\"\" class=\"wp-image-331\" srcset=\"https:\/\/vecinosdelinterior.com\/wp-content\/uploads\/2023\/08\/23-8-2023-13-31-19.jpg 972w, https:\/\/vecinosdelinterior.com\/wp-content\/uploads\/2023\/08\/23-8-2023-13-31-19-300x182.jpg 300w, https:\/\/vecinosdelinterior.com\/wp-content\/uploads\/2023\/08\/23-8-2023-13-31-19-768x465.jpg 768w, https:\/\/vecinosdelinterior.com\/wp-content\/uploads\/2023\/08\/23-8-2023-13-31-19-750x454.jpg 750w\" sizes=\"(max-width: 972px) 100vw, 972px\" \/><\/figure>\n\n\n\n<figure class=\"wp-block-image size-large\"><img decoding=\"async\" width=\"1024\" height=\"576\" data-id=\"332\" src=\"https:\/\/vecinosdelinterior.com\/wp-content\/uploads\/2023\/08\/ANSL-4-1-1024x576.png\" alt=\"\" class=\"wp-image-332\" srcset=\"https:\/\/vecinosdelinterior.com\/wp-content\/uploads\/2023\/08\/ANSL-4-1-1024x576.png 1024w, https:\/\/vecinosdelinterior.com\/wp-content\/uploads\/2023\/08\/ANSL-4-1-300x169.png 300w, https:\/\/vecinosdelinterior.com\/wp-content\/uploads\/2023\/08\/ANSL-4-1-768x432.png 768w, https:\/\/vecinosdelinterior.com\/wp-content\/uploads\/2023\/08\/ANSL-4-1-750x422.png 750w, https:\/\/vecinosdelinterior.com\/wp-content\/uploads\/2023\/08\/ANSL-4-1.png 1080w\" sizes=\"(max-width: 1024px) 100vw, 1024px\" \/><\/figure>\n<\/figure>\n","protected":false},"excerpt":{"rendered":"<p>El fuego ocasion\u00f3 da\u00f1os a un tramo de fibra \u00f3ptica a la vera de la Ruta 9, en proximidades de El Trapiche y R\u00edo Grande. Los equipos t\u00e9cnicos hicieron un relevamiento de los da\u00f1os y esperan la autorizaci\u00f3n de Bomberos para comenzar el operativo de reparaci\u00f3n. Los da\u00f1os de fibra no afectaron los servicios de [&hellip;]<\/p>\n","protected":false},"author":1,"featured_media":332,"comment_status":"open","ping_status":"open","sticky":false,"template":"","format":"standard","meta":{"footnotes":""},"categories":[99,2],"tags":[77],"class_list":["post-330","post","type-post","status-publish","format-standard","has-post-thumbnail","hentry","category-el-trapiche","category-pringles","tag-incendio"],"_links":{"self":[{"href":"https:\/\/vecinosdelinterior.com\/index.php\/wp-json\/wp\/v2\/posts\/330","targetHints":{"allow":["GET"]}}],"collection":[{"href":"https:\/\/vecinosdelinterior.com\/index.php\/wp-json\/wp\/v2\/posts"}],"about":[{"href":"https:\/\/vecinosdelinterior.com\/index.php\/wp-json\/wp\/v2\/types\/post"}],"author":[{"embeddable":true,"href":"https:\/\/vecinosdelinterior.com\/index.php\/wp-json\/wp\/v2\/users\/1"}],"replies":[{"embeddable":true,"href":"https:\/\/vecinosdelinterior.com\/index.php\/wp-json\/wp\/v2\/comments?post=330"}],"version-history":[{"count":1,"href":"https:\/\/vecinosdelinterior.com\/index.php\/wp-json\/wp\/v2\/posts\/330\/revisions"}],"predecessor-version":[{"id":333,"href":"https:\/\/vecinosdelinterior.com\/index.php\/wp-json\/wp\/v2\/posts\/330\/revisions\/333"}],"wp:featuredmedia":[{"embeddable":true,"href":"https:\/\/vecinosdelinterior.com\/index.php\/wp-json\/wp\/v2\/media\/332"}],"wp:attachment":[{"href":"https:\/\/vecinosdelinterior.com\/index.php\/wp-json\/wp\/v2\/media?parent=330"}],"wp:term":[{"taxonomy":"category","embeddable":true,"href":"https:\/\/vecinosdelinterior.com\/index.php\/wp-json\/wp\/v2\/categories?post=330"},{"taxonomy":"post_tag","embeddable":true,"href":"https:\/\/vecinosdelinterior.com\/index.php\/wp-json\/wp\/v2\/tags?post=330"}],"curies":[{"name":"wp","href":"https:\/\/api.w.org\/{rel}","templated":true}]}}