{"id":3304,"date":"2024-12-26T19:28:00","date_gmt":"2024-12-26T22:28:00","guid":{"rendered":"https:\/\/vecinosdelinterior.com\/?p=3304"},"modified":"2024-12-26T19:30:37","modified_gmt":"2024-12-26T22:30:37","slug":"naschel-festeja-el-117-aniversario-de-su-fundacion","status":"publish","type":"post","link":"https:\/\/vecinosdelinterior.com\/index.php\/2024\/12\/26\/naschel-festeja-el-117-aniversario-de-su-fundacion\/","title":{"rendered":"Naschel festeja el 117\u00b0 aniversario de su fundaci\u00f3n"},"content":{"rendered":"\n<p><\/p>\n\n\n\n<p>El acto central ser\u00e1 este viernes a las 18:00. Habr\u00e1 inauguraciones de espacios culturales, desfile, shows de m\u00fasica y baile y una amplia oferta gastron\u00f3mica.<\/p>\n\n\n\n<p>Este viernes 27 de diciembre, Naschel se vestir\u00e1 de gala para celebrar los 117 a\u00f1os de su fundaci\u00f3n con importantes n\u00fameros art\u00edsticos y la mejor gastronom\u00eda, adem\u00e1s de la inauguraci\u00f3n del patio de la Casa de la Cultura.<\/p>\n\n\n\n<p>El acto central ser\u00e1 a las 18:00 con un desfile de instituciones y agrupaciones tradicionalistas. Luego ser\u00e1 inaugurado el patio de la Casa de la Cultura con la participaci\u00f3n de ballets, m\u00fasica en vivo, patio gastron\u00f3mico, cantina, feria de emprendedores y muchas sorpresas. Los Manyines de Cuyo, los Chicos Menta y DJ Jere formar\u00e1n parte de la grilla de artistas.<\/p>\n\n\n\n<p>Conocida como \u2018Capital Provincial del Ma\u00edz\u2019, Naschel se ubica a 115 kil\u00f3metros de la capital y originalmente fue un pueblo que se gener\u00f3 alrededor de canteras, lugar que hoy se llama Naschel Viejo.<\/p>\n\n\n\n<p>El pueblo fue fundado el 27 de diciembre de 1907 junto a la llegada del ferrocarril. En un principio, se tom\u00f3 como significado de Naschel como \u201csenderos y gritos que asustan en la oscuridad\u201d, pero luego de investigaciones realizadas sobre las ra\u00edces del lenguaje que le dieron el nombre se estableci\u00f3 que el significado es \u201cgente de abajo\u201d, debido a su localizaci\u00f3n en medio de sierras y altos bordes territoriales.<\/p>\n\n\n\n<p>La localidad cuenta con un balneario municipal rodeado de naturaleza, asadores, ba\u00f1os, proveedur\u00eda, espacios para realizar deportes y piletas. Sus visitantes tambi\u00e9n pueden disfrutar del dique San Felipe, ubicado entre Naschel y Tilisarao, un embalse construido en 1941 y constituido como uno de los espejos de agua m\u00e1s emblem\u00e1ticos de la provincia.<\/p>\n\n\n\n<p>Con m\u00e1s de 50 a\u00f1os de vida, el pueblo celebra anualmente el Festival provincial del Ma\u00edz, con actividades deportivas y recreativas, charlas informativas vinculadas al campo y la producci\u00f3n, gastronom\u00eda regional, artesan\u00edas, agrupaciones gauchas, artistas y desfiles de agrupaciones de la localidad.<\/p>\n","protected":false},"excerpt":{"rendered":"<p>El acto central ser\u00e1 este viernes a las 18:00. Habr\u00e1 inauguraciones de espacios culturales, desfile, shows de m\u00fasica y baile y una amplia oferta gastron\u00f3mica. Este viernes 27 de diciembre, Naschel se vestir\u00e1 de gala para celebrar los 117 a\u00f1os de su fundaci\u00f3n con importantes n\u00fameros art\u00edsticos y la mejor gastronom\u00eda, adem\u00e1s de la inauguraci\u00f3n [&hellip;]<\/p>\n","protected":false},"author":1,"featured_media":3305,"comment_status":"open","ping_status":"open","sticky":false,"template":"","format":"standard","meta":{"footnotes":""},"categories":[29,91],"tags":[481],"class_list":["post-3304","post","type-post","status-publish","format-standard","has-post-thumbnail","hentry","category-chacabuco","category-naschel","tag-aniversario"],"_links":{"self":[{"href":"https:\/\/vecinosdelinterior.com\/index.php\/wp-json\/wp\/v2\/posts\/3304","targetHints":{"allow":["GET"]}}],"collection":[{"href":"https:\/\/vecinosdelinterior.com\/index.php\/wp-json\/wp\/v2\/posts"}],"about":[{"href":"https:\/\/vecinosdelinterior.com\/index.php\/wp-json\/wp\/v2\/types\/post"}],"author":[{"embeddable":true,"href":"https:\/\/vecinosdelinterior.com\/index.php\/wp-json\/wp\/v2\/users\/1"}],"replies":[{"embeddable":true,"href":"https:\/\/vecinosdelinterior.com\/index.php\/wp-json\/wp\/v2\/comments?post=3304"}],"version-history":[{"count":1,"href":"https:\/\/vecinosdelinterior.com\/index.php\/wp-json\/wp\/v2\/posts\/3304\/revisions"}],"predecessor-version":[{"id":3306,"href":"https:\/\/vecinosdelinterior.com\/index.php\/wp-json\/wp\/v2\/posts\/3304\/revisions\/3306"}],"wp:featuredmedia":[{"embeddable":true,"href":"https:\/\/vecinosdelinterior.com\/index.php\/wp-json\/wp\/v2\/media\/3305"}],"wp:attachment":[{"href":"https:\/\/vecinosdelinterior.com\/index.php\/wp-json\/wp\/v2\/media?parent=3304"}],"wp:term":[{"taxonomy":"category","embeddable":true,"href":"https:\/\/vecinosdelinterior.com\/index.php\/wp-json\/wp\/v2\/categories?post=3304"},{"taxonomy":"post_tag","embeddable":true,"href":"https:\/\/vecinosdelinterior.com\/index.php\/wp-json\/wp\/v2\/tags?post=3304"}],"curies":[{"name":"wp","href":"https:\/\/api.w.org\/{rel}","templated":true}]}}