{"id":3316,"date":"2024-12-28T00:37:17","date_gmt":"2024-12-28T03:37:17","guid":{"rendered":"https:\/\/vecinosdelinterior.com\/?p=3316"},"modified":"2024-12-28T00:37:17","modified_gmt":"2024-12-28T03:37:17","slug":"un-hombre-fue-condenado-a-12-anos-de-prision-por-un-homicidio-ocurrido-en-2022-en-villa-larca","status":"publish","type":"post","link":"https:\/\/vecinosdelinterior.com\/index.php\/2024\/12\/28\/un-hombre-fue-condenado-a-12-anos-de-prision-por-un-homicidio-ocurrido-en-2022-en-villa-larca\/","title":{"rendered":"Un hombre fue condenado a 12 a\u00f1os de prisi\u00f3n por un homicidio ocurrido en 2022 en Villa Larca"},"content":{"rendered":"\n<p>Desde el Departamento de Homicidios Concar\u00e1n informaron que este viernes la C\u00e1mara Penal de la Tercera Circunscripci\u00f3n Judicial conden\u00f3 a 12 a\u00f1os de prisi\u00f3n a un hombre de 28 a\u00f1os de edad, por el delito de homicidio simple. En ese sentido deber\u00e1 cumplir su condena en el Servicio Penitenciario Provincial.<br>El hecho ocurri\u00f3 el 7 de mayo de 2022, en Villa Larca, donde el sujeto de 28 a\u00f1os apu\u00f1al\u00f3 a Sergio Sancha en un bar de la localidad de Villa Larca.<br>El juicio hab\u00eda iniciado el pasado 19 de diciembre y este viernes el tribunal dio a conocer la sentencia.<\/p>\n","protected":false},"excerpt":{"rendered":"<p>Desde el Departamento de Homicidios Concar\u00e1n informaron que este viernes la C\u00e1mara Penal de la Tercera Circunscripci\u00f3n Judicial conden\u00f3 a 12 a\u00f1os de prisi\u00f3n a un hombre de 28 a\u00f1os de edad, por el delito de homicidio simple. En ese sentido deber\u00e1 cumplir su condena en el Servicio Penitenciario Provincial.El hecho ocurri\u00f3 el 7 de [&hellip;]<\/p>\n","protected":false},"author":1,"featured_media":3317,"comment_status":"open","ping_status":"open","sticky":false,"template":"","format":"standard","meta":{"footnotes":""},"categories":[29,89],"tags":[],"class_list":["post-3316","post","type-post","status-publish","format-standard","has-post-thumbnail","hentry","category-chacabuco","category-villa-larca"],"_links":{"self":[{"href":"https:\/\/vecinosdelinterior.com\/index.php\/wp-json\/wp\/v2\/posts\/3316","targetHints":{"allow":["GET"]}}],"collection":[{"href":"https:\/\/vecinosdelinterior.com\/index.php\/wp-json\/wp\/v2\/posts"}],"about":[{"href":"https:\/\/vecinosdelinterior.com\/index.php\/wp-json\/wp\/v2\/types\/post"}],"author":[{"embeddable":true,"href":"https:\/\/vecinosdelinterior.com\/index.php\/wp-json\/wp\/v2\/users\/1"}],"replies":[{"embeddable":true,"href":"https:\/\/vecinosdelinterior.com\/index.php\/wp-json\/wp\/v2\/comments?post=3316"}],"version-history":[{"count":1,"href":"https:\/\/vecinosdelinterior.com\/index.php\/wp-json\/wp\/v2\/posts\/3316\/revisions"}],"predecessor-version":[{"id":3318,"href":"https:\/\/vecinosdelinterior.com\/index.php\/wp-json\/wp\/v2\/posts\/3316\/revisions\/3318"}],"wp:featuredmedia":[{"embeddable":true,"href":"https:\/\/vecinosdelinterior.com\/index.php\/wp-json\/wp\/v2\/media\/3317"}],"wp:attachment":[{"href":"https:\/\/vecinosdelinterior.com\/index.php\/wp-json\/wp\/v2\/media?parent=3316"}],"wp:term":[{"taxonomy":"category","embeddable":true,"href":"https:\/\/vecinosdelinterior.com\/index.php\/wp-json\/wp\/v2\/categories?post=3316"},{"taxonomy":"post_tag","embeddable":true,"href":"https:\/\/vecinosdelinterior.com\/index.php\/wp-json\/wp\/v2\/tags?post=3316"}],"curies":[{"name":"wp","href":"https:\/\/api.w.org\/{rel}","templated":true}]}}