{"id":3319,"date":"2024-12-28T00:37:00","date_gmt":"2024-12-28T03:37:00","guid":{"rendered":"https:\/\/vecinosdelinterior.com\/?p=3319"},"modified":"2024-12-28T00:40:02","modified_gmt":"2024-12-28T03:40:02","slug":"la-11-fiesta-nacional-del-melon-la-agricultura-y-la-produccion-se-vive-en-candelaria","status":"publish","type":"post","link":"https:\/\/vecinosdelinterior.com\/index.php\/2024\/12\/28\/la-11-fiesta-nacional-del-melon-la-agricultura-y-la-produccion-se-vive-en-candelaria\/","title":{"rendered":"La 11\u00b0 Fiesta Nacional Del Mel\u00f3n, La Agricultura Y La Producci\u00f3n se vive en Candelaria"},"content":{"rendered":"\n<p>Ser\u00e1n Dos Noches Inolvidables!<br>Con talentos locales y Nacionales, con una variedad de g\u00e9neros y estilos que seguro satisfar\u00e1n todos los gustos.<br>\u00a1No te pierdas la oportunidad de ver a tus artistas favoritos en vivo!.<\/p>\n\n\n\n<figure class=\"wp-block-gallery has-nested-images columns-default is-cropped wp-block-gallery-1 is-layout-flex wp-block-gallery-is-layout-flex\">\n<figure class=\"wp-block-image size-large\"><img fetchpriority=\"high\" decoding=\"async\" width=\"724\" height=\"1024\" data-id=\"3321\" src=\"https:\/\/vecinosdelinterior.com\/wp-content\/uploads\/2024\/12\/471677687_456154304201928_9120129713754668105_n-724x1024.jpg\" alt=\"\" class=\"wp-image-3321\" srcset=\"https:\/\/vecinosdelinterior.com\/wp-content\/uploads\/2024\/12\/471677687_456154304201928_9120129713754668105_n-724x1024.jpg 724w, https:\/\/vecinosdelinterior.com\/wp-content\/uploads\/2024\/12\/471677687_456154304201928_9120129713754668105_n-212x300.jpg 212w, https:\/\/vecinosdelinterior.com\/wp-content\/uploads\/2024\/12\/471677687_456154304201928_9120129713754668105_n-768x1086.jpg 768w, https:\/\/vecinosdelinterior.com\/wp-content\/uploads\/2024\/12\/471677687_456154304201928_9120129713754668105_n-750x1060.jpg 750w, https:\/\/vecinosdelinterior.com\/wp-content\/uploads\/2024\/12\/471677687_456154304201928_9120129713754668105_n.jpg 1080w\" sizes=\"(max-width: 724px) 100vw, 724px\" \/><\/figure>\n\n\n\n<figure class=\"wp-block-image size-large\"><img decoding=\"async\" width=\"724\" height=\"1024\" data-id=\"3320\" src=\"https:\/\/vecinosdelinterior.com\/wp-content\/uploads\/2024\/12\/471582857_456154344201924_1066002337695981218_n-724x1024.jpg\" alt=\"\" class=\"wp-image-3320\" srcset=\"https:\/\/vecinosdelinterior.com\/wp-content\/uploads\/2024\/12\/471582857_456154344201924_1066002337695981218_n-724x1024.jpg 724w, https:\/\/vecinosdelinterior.com\/wp-content\/uploads\/2024\/12\/471582857_456154344201924_1066002337695981218_n-212x300.jpg 212w, https:\/\/vecinosdelinterior.com\/wp-content\/uploads\/2024\/12\/471582857_456154344201924_1066002337695981218_n-768x1086.jpg 768w, https:\/\/vecinosdelinterior.com\/wp-content\/uploads\/2024\/12\/471582857_456154344201924_1066002337695981218_n-750x1060.jpg 750w, https:\/\/vecinosdelinterior.com\/wp-content\/uploads\/2024\/12\/471582857_456154344201924_1066002337695981218_n.jpg 1080w\" sizes=\"(max-width: 724px) 100vw, 724px\" \/><\/figure>\n<\/figure>\n","protected":false},"excerpt":{"rendered":"<p>Ser\u00e1n Dos Noches Inolvidables!Con talentos locales y Nacionales, con una variedad de g\u00e9neros y estilos que seguro satisfar\u00e1n todos los gustos.\u00a1No te pierdas la oportunidad de ver a tus artistas favoritos en vivo!.<\/p>\n","protected":false},"author":1,"featured_media":3321,"comment_status":"open","ping_status":"open","sticky":false,"template":"","format":"standard","meta":{"footnotes":""},"categories":[51],"tags":[333],"class_list":["post-3319","post","type-post","status-publish","format-standard","has-post-thumbnail","hentry","category-candelaria","tag-festivales"],"_links":{"self":[{"href":"https:\/\/vecinosdelinterior.com\/index.php\/wp-json\/wp\/v2\/posts\/3319","targetHints":{"allow":["GET"]}}],"collection":[{"href":"https:\/\/vecinosdelinterior.com\/index.php\/wp-json\/wp\/v2\/posts"}],"about":[{"href":"https:\/\/vecinosdelinterior.com\/index.php\/wp-json\/wp\/v2\/types\/post"}],"author":[{"embeddable":true,"href":"https:\/\/vecinosdelinterior.com\/index.php\/wp-json\/wp\/v2\/users\/1"}],"replies":[{"embeddable":true,"href":"https:\/\/vecinosdelinterior.com\/index.php\/wp-json\/wp\/v2\/comments?post=3319"}],"version-history":[{"count":1,"href":"https:\/\/vecinosdelinterior.com\/index.php\/wp-json\/wp\/v2\/posts\/3319\/revisions"}],"predecessor-version":[{"id":3322,"href":"https:\/\/vecinosdelinterior.com\/index.php\/wp-json\/wp\/v2\/posts\/3319\/revisions\/3322"}],"wp:featuredmedia":[{"embeddable":true,"href":"https:\/\/vecinosdelinterior.com\/index.php\/wp-json\/wp\/v2\/media\/3321"}],"wp:attachment":[{"href":"https:\/\/vecinosdelinterior.com\/index.php\/wp-json\/wp\/v2\/media?parent=3319"}],"wp:term":[{"taxonomy":"category","embeddable":true,"href":"https:\/\/vecinosdelinterior.com\/index.php\/wp-json\/wp\/v2\/categories?post=3319"},{"taxonomy":"post_tag","embeddable":true,"href":"https:\/\/vecinosdelinterior.com\/index.php\/wp-json\/wp\/v2\/tags?post=3319"}],"curies":[{"name":"wp","href":"https:\/\/api.w.org\/{rel}","templated":true}]}}