{"id":3323,"date":"2024-12-28T08:27:00","date_gmt":"2024-12-28T11:27:00","guid":{"rendered":"https:\/\/vecinosdelinterior.com\/?p=3323"},"modified":"2024-12-28T08:29:41","modified_gmt":"2024-12-28T11:29:41","slug":"balde-y-san-geronimo-tendran-mas-frecuencias-de-transporte","status":"publish","type":"post","link":"https:\/\/vecinosdelinterior.com\/index.php\/2024\/12\/28\/balde-y-san-geronimo-tendran-mas-frecuencias-de-transporte\/","title":{"rendered":"Balde y San Ger\u00f3nimo tendr\u00e1n m\u00e1s frecuencias de transporte"},"content":{"rendered":"\n<p><\/p>\n\n\n\n<p>A partir de este s\u00e1bado, comenzar\u00e1 a regir el nuevo horario de transporte interurbano. Esta iniciativa responde a uno de los pedidos recibidos en los foros de mesas sectoriales del turismo.<\/p>\n\n\n\n<p>La direcci\u00f3n de Transporte ha implementado una frecuencia diferenciada para las localidades tur\u00edsticas de Balde y San Ger\u00f3nimo durante este verano, con el objetivo de ofrecer opciones de traslado directo a los atractivos tur\u00edsticos termales.<\/p>\n\n\n\n<p>La medida busca proporcionar un viaje directo a los residentes locales y a los visitantes de otras provincias que eligen San Luis como su destino de vacaciones. La movilidad estar\u00e1 disponible todos los s\u00e1bados, domingos y feriados.<\/p>\n\n\n\n<p>El director de Transporte, Gabriel Busto, destac\u00f3 que estos nuevos servicios est\u00e1n dise\u00f1ados para satisfacer una necesidad muy demandada durante el verano en San Luis. La empresa que se encargar\u00e1 de operar el servicio ser\u00e1 Blanco Silvia.<\/p>\n\n\n\n<p>Tarifas:<\/p>\n\n\n\n<p>Desde EDIRO (San Luis) a las Termas de Balde: $1.900.<\/p>\n\n\n\n<p>Desde Balde a San Ger\u00f3nimo: $1.100.<\/p>\n\n\n\n<p>Desde EDIRO (San Luis) a las Termas de San Ger\u00f3nimo: $3.000.<\/p>\n\n\n\n<p>El horario:<\/p>\n\n\n\n<p>De ida desde EDIRO: 9:30.<\/p>\n\n\n\n<p>De regreso desde San Ger\u00f3nimo: 20:00.<\/p>\n","protected":false},"excerpt":{"rendered":"<p>A partir de este s\u00e1bado, comenzar\u00e1 a regir el nuevo horario de transporte interurbano. Esta iniciativa responde a uno de los pedidos recibidos en los foros de mesas sectoriales del turismo. La direcci\u00f3n de Transporte ha implementado una frecuencia diferenciada para las localidades tur\u00edsticas de Balde y San Ger\u00f3nimo durante este verano, con el objetivo [&hellip;]<\/p>\n","protected":false},"author":1,"featured_media":3324,"comment_status":"open","ping_status":"open","sticky":false,"template":"","format":"standard","meta":{"footnotes":""},"categories":[1],"tags":[],"class_list":["post-3323","post","type-post","status-publish","format-standard","has-post-thumbnail","hentry","category-blog"],"_links":{"self":[{"href":"https:\/\/vecinosdelinterior.com\/index.php\/wp-json\/wp\/v2\/posts\/3323","targetHints":{"allow":["GET"]}}],"collection":[{"href":"https:\/\/vecinosdelinterior.com\/index.php\/wp-json\/wp\/v2\/posts"}],"about":[{"href":"https:\/\/vecinosdelinterior.com\/index.php\/wp-json\/wp\/v2\/types\/post"}],"author":[{"embeddable":true,"href":"https:\/\/vecinosdelinterior.com\/index.php\/wp-json\/wp\/v2\/users\/1"}],"replies":[{"embeddable":true,"href":"https:\/\/vecinosdelinterior.com\/index.php\/wp-json\/wp\/v2\/comments?post=3323"}],"version-history":[{"count":1,"href":"https:\/\/vecinosdelinterior.com\/index.php\/wp-json\/wp\/v2\/posts\/3323\/revisions"}],"predecessor-version":[{"id":3325,"href":"https:\/\/vecinosdelinterior.com\/index.php\/wp-json\/wp\/v2\/posts\/3323\/revisions\/3325"}],"wp:featuredmedia":[{"embeddable":true,"href":"https:\/\/vecinosdelinterior.com\/index.php\/wp-json\/wp\/v2\/media\/3324"}],"wp:attachment":[{"href":"https:\/\/vecinosdelinterior.com\/index.php\/wp-json\/wp\/v2\/media?parent=3323"}],"wp:term":[{"taxonomy":"category","embeddable":true,"href":"https:\/\/vecinosdelinterior.com\/index.php\/wp-json\/wp\/v2\/categories?post=3323"},{"taxonomy":"post_tag","embeddable":true,"href":"https:\/\/vecinosdelinterior.com\/index.php\/wp-json\/wp\/v2\/tags?post=3323"}],"curies":[{"name":"wp","href":"https:\/\/api.w.org\/{rel}","templated":true}]}}