{"id":3332,"date":"2024-12-29T09:02:00","date_gmt":"2024-12-29T12:02:00","guid":{"rendered":"https:\/\/vecinosdelinterior.com\/?p=3332"},"modified":"2024-12-29T12:03:54","modified_gmt":"2024-12-29T15:03:54","slug":"candelaria-investigan-la-muerte-de-una-mujer","status":"publish","type":"post","link":"https:\/\/vecinosdelinterior.com\/index.php\/2024\/12\/29\/candelaria-investigan-la-muerte-de-una-mujer\/","title":{"rendered":"Candelaria: investigan la muerte de una mujer"},"content":{"rendered":"\n<p>Seg\u00fan informaron fuentes oficiales, el caso se inici\u00f3 a las 14:45 horas, cuando personal de Radiolog\u00eda del centro de salud de Candelaria local realiz\u00f3 un llamado solicitando la presencia policial. Al arribar al hospital, los uniformados dialogaron con un m\u00e9dico, quien relat\u00f3 que una ambulancia hab\u00eda sido despachada hacia calle Jos\u00e9 M\u00e1rmol s\/n por una emergencia: una mujer descompensada.<br>En el lugar, el personal m\u00e9dico encontr\u00f3 a la mujer en grave estado y procedi\u00f3 a trasladarla al hospital, acompa\u00f1ada de una amiga de 58 a\u00f1os. A pesar de que ingres\u00f3 con vida al nosocomio, su situaci\u00f3n empeor\u00f3 r\u00e1pidamente: sufri\u00f3 un paro cardiorrespiratorio. A pesar de las maniobras de reanimaci\u00f3n cardiopulmonar (RCP) realizadas por los profesionales, falleci\u00f3 minutos despu\u00e9s.<br>El fiscal de Instrucci\u00f3n 3 de turno, Esteban Roche, orden\u00f3 que se investigue el caso bajo la car\u00e1tula de \u00abAveriguaci\u00f3n causal de muerte\u00bb. Por el momento, las autoridades contin\u00faan realizando las tareas de rigor para esclarecer las circunstancias del fallecimiento.<\/p>\n","protected":false},"excerpt":{"rendered":"<p>Seg\u00fan informaron fuentes oficiales, el caso se inici\u00f3 a las 14:45 horas, cuando personal de Radiolog\u00eda del centro de salud de Candelaria local realiz\u00f3 un llamado solicitando la presencia policial. Al arribar al hospital, los uniformados dialogaron con un m\u00e9dico, quien relat\u00f3 que una ambulancia hab\u00eda sido despachada hacia calle Jos\u00e9 M\u00e1rmol s\/n por una [&hellip;]<\/p>\n","protected":false},"author":1,"featured_media":3333,"comment_status":"open","ping_status":"open","sticky":false,"template":"","format":"standard","meta":{"footnotes":""},"categories":[8,51],"tags":[213],"class_list":["post-3332","post","type-post","status-publish","format-standard","has-post-thumbnail","hentry","category-ayacucho","category-candelaria","tag-policial"],"_links":{"self":[{"href":"https:\/\/vecinosdelinterior.com\/index.php\/wp-json\/wp\/v2\/posts\/3332","targetHints":{"allow":["GET"]}}],"collection":[{"href":"https:\/\/vecinosdelinterior.com\/index.php\/wp-json\/wp\/v2\/posts"}],"about":[{"href":"https:\/\/vecinosdelinterior.com\/index.php\/wp-json\/wp\/v2\/types\/post"}],"author":[{"embeddable":true,"href":"https:\/\/vecinosdelinterior.com\/index.php\/wp-json\/wp\/v2\/users\/1"}],"replies":[{"embeddable":true,"href":"https:\/\/vecinosdelinterior.com\/index.php\/wp-json\/wp\/v2\/comments?post=3332"}],"version-history":[{"count":1,"href":"https:\/\/vecinosdelinterior.com\/index.php\/wp-json\/wp\/v2\/posts\/3332\/revisions"}],"predecessor-version":[{"id":3334,"href":"https:\/\/vecinosdelinterior.com\/index.php\/wp-json\/wp\/v2\/posts\/3332\/revisions\/3334"}],"wp:featuredmedia":[{"embeddable":true,"href":"https:\/\/vecinosdelinterior.com\/index.php\/wp-json\/wp\/v2\/media\/3333"}],"wp:attachment":[{"href":"https:\/\/vecinosdelinterior.com\/index.php\/wp-json\/wp\/v2\/media?parent=3332"}],"wp:term":[{"taxonomy":"category","embeddable":true,"href":"https:\/\/vecinosdelinterior.com\/index.php\/wp-json\/wp\/v2\/categories?post=3332"},{"taxonomy":"post_tag","embeddable":true,"href":"https:\/\/vecinosdelinterior.com\/index.php\/wp-json\/wp\/v2\/tags?post=3332"}],"curies":[{"name":"wp","href":"https:\/\/api.w.org\/{rel}","templated":true}]}}