{"id":3338,"date":"2024-12-29T11:09:00","date_gmt":"2024-12-29T14:09:00","guid":{"rendered":"https:\/\/vecinosdelinterior.com\/?p=3338"},"modified":"2024-12-29T12:07:23","modified_gmt":"2024-12-29T15:07:23","slug":"tarifas-y-servicios-del-balneario-de-santa-rosa-del-conlara","status":"publish","type":"post","link":"https:\/\/vecinosdelinterior.com\/index.php\/2024\/12\/29\/tarifas-y-servicios-del-balneario-de-santa-rosa-del-conlara\/","title":{"rendered":"Tarifas y servicios del balneario de Santa Rosa del Conlara"},"content":{"rendered":"\n<p>Tarifas y servicios del balneario de Santa Rosa del Conlara<br>VECINOSDELINTERIOR.COM \/ 29 DE DICIEMBRE<br>Uno de los balnearios m\u00e1s lindos de la provincia abri\u00f3 su temporada de verano, y la Municipalidad de Santa Rosa del Conlara public\u00f3 las tarifas de los servicios de dicho complejo.<\/p>\n\n\n\n<ul class=\"wp-block-list\">\n<li>Estacionamiento vecino: $1500<\/li>\n\n\n\n<li>Asador vecino: $1500<br>Abono mensual vecino: $21.000<\/li>\n\n\n\n<li>Abono x 15 dias vecino: $ 15.000<br>Kemporada de<br>NTA ROSA DEL CONLARA<\/li>\n\n\n\n<li>Carpa x dia hasta 2 personas: $16.500<\/li>\n\n\n\n<li>Carpa x dia hasta 4 personas: $21.000 (adicional por persona) $3000<\/li>\n\n\n\n<li>Casa rodante- motor home $28.000. (adicional por persona) $3000<br>ESTOS VALORES INCLUYEN ESTACIONAMIENTO, ASADOR Y USO DE SANITARIOS<\/li>\n\n\n\n<li>Estacionamiento turista $3000<br>(HASTA 4 PERSONAS)<br>(adicional por persona) $1500 Estacionamiento ingres\u00f3 $4500<\/li>\n\n\n\n<li>(tours\/ combi excursiones\/utilitario) (adicional por persona) $ 1500<\/li>\n\n\n\n<li>Ingreso turista caminando $1500<\/li>\n\n\n\n<li>Asador Turista $3000<\/li>\n\n\n\n<li>Estacionamiento moto\/cuatriciclo\/ciclomotor $1000<br>Alquiler de caba\u00f1as hasta 4 personas $60.000<br>PARA INFO, RESERVAS Y DISPONIBILIDAD ( Comunicarse al \u00c1rea de Turismo Dir. @magali_amadasspadeunas @santa_rosa_turismo24 \ud83d\udc49\ud83c\udffc Tel: 266 457-5302 )<\/li>\n<\/ul>\n\n\n\n<figure class=\"wp-block-gallery has-nested-images columns-default is-cropped wp-block-gallery-1 is-layout-flex wp-block-gallery-is-layout-flex\">\n<figure class=\"wp-block-image size-large\"><img fetchpriority=\"high\" decoding=\"async\" width=\"620\" height=\"450\" data-id=\"3339\" src=\"https:\/\/vecinosdelinterior.com\/wp-content\/uploads\/2024\/12\/1495516803888.jpg\" alt=\"\" class=\"wp-image-3339\" srcset=\"https:\/\/vecinosdelinterior.com\/wp-content\/uploads\/2024\/12\/1495516803888.jpg 620w, https:\/\/vecinosdelinterior.com\/wp-content\/uploads\/2024\/12\/1495516803888-300x218.jpg 300w, https:\/\/vecinosdelinterior.com\/wp-content\/uploads\/2024\/12\/1495516803888-120x86.jpg 120w\" sizes=\"(max-width: 620px) 100vw, 620px\" \/><\/figure>\n\n\n\n<figure class=\"wp-block-image size-large\"><img decoding=\"async\" width=\"534\" height=\"960\" data-id=\"3340\" src=\"https:\/\/vecinosdelinterior.com\/wp-content\/uploads\/2024\/12\/471822396_1027628922729360_2527708044705140474_n.jpg\" alt=\"\" class=\"wp-image-3340\" srcset=\"https:\/\/vecinosdelinterior.com\/wp-content\/uploads\/2024\/12\/471822396_1027628922729360_2527708044705140474_n.jpg 534w, https:\/\/vecinosdelinterior.com\/wp-content\/uploads\/2024\/12\/471822396_1027628922729360_2527708044705140474_n-167x300.jpg 167w\" sizes=\"(max-width: 534px) 100vw, 534px\" \/><\/figure>\n<\/figure>\n","protected":false},"excerpt":{"rendered":"<p>Tarifas y servicios del balneario de Santa Rosa del ConlaraVECINOSDELINTERIOR.COM \/ 29 DE DICIEMBREUno de los balnearios m\u00e1s lindos de la provincia abri\u00f3 su temporada de verano, y la Municipalidad de Santa Rosa del Conlara public\u00f3 las tarifas de los servicios de dicho complejo.<\/p>\n","protected":false},"author":1,"featured_media":3339,"comment_status":"open","ping_status":"open","sticky":false,"template":"","format":"standard","meta":{"footnotes":""},"categories":[23,45],"tags":[480,175],"class_list":["post-3338","post","type-post","status-publish","format-standard","has-post-thumbnail","hentry","category-junin","category-santa-rosa-del-conlara","tag-balnearios","tag-turismo"],"_links":{"self":[{"href":"https:\/\/vecinosdelinterior.com\/index.php\/wp-json\/wp\/v2\/posts\/3338","targetHints":{"allow":["GET"]}}],"collection":[{"href":"https:\/\/vecinosdelinterior.com\/index.php\/wp-json\/wp\/v2\/posts"}],"about":[{"href":"https:\/\/vecinosdelinterior.com\/index.php\/wp-json\/wp\/v2\/types\/post"}],"author":[{"embeddable":true,"href":"https:\/\/vecinosdelinterior.com\/index.php\/wp-json\/wp\/v2\/users\/1"}],"replies":[{"embeddable":true,"href":"https:\/\/vecinosdelinterior.com\/index.php\/wp-json\/wp\/v2\/comments?post=3338"}],"version-history":[{"count":1,"href":"https:\/\/vecinosdelinterior.com\/index.php\/wp-json\/wp\/v2\/posts\/3338\/revisions"}],"predecessor-version":[{"id":3341,"href":"https:\/\/vecinosdelinterior.com\/index.php\/wp-json\/wp\/v2\/posts\/3338\/revisions\/3341"}],"wp:featuredmedia":[{"embeddable":true,"href":"https:\/\/vecinosdelinterior.com\/index.php\/wp-json\/wp\/v2\/media\/3339"}],"wp:attachment":[{"href":"https:\/\/vecinosdelinterior.com\/index.php\/wp-json\/wp\/v2\/media?parent=3338"}],"wp:term":[{"taxonomy":"category","embeddable":true,"href":"https:\/\/vecinosdelinterior.com\/index.php\/wp-json\/wp\/v2\/categories?post=3338"},{"taxonomy":"post_tag","embeddable":true,"href":"https:\/\/vecinosdelinterior.com\/index.php\/wp-json\/wp\/v2\/tags?post=3338"}],"curies":[{"name":"wp","href":"https:\/\/api.w.org\/{rel}","templated":true}]}}