{"id":3342,"date":"2024-12-30T01:58:00","date_gmt":"2024-12-30T04:58:00","guid":{"rendered":"https:\/\/vecinosdelinterior.com\/?p=3342"},"modified":"2024-12-30T19:00:11","modified_gmt":"2024-12-30T22:00:11","slug":"el-gobierno-provincial-decidio-adelantar-las-elecciones-provinciales-legislativas-seran-el-11-de-mayo","status":"publish","type":"post","link":"https:\/\/vecinosdelinterior.com\/index.php\/2024\/12\/30\/el-gobierno-provincial-decidio-adelantar-las-elecciones-provinciales-legislativas-seran-el-11-de-mayo\/","title":{"rendered":"El Gobierno provincial decidi\u00f3 adelantar las elecciones provinciales legislativas. Ser\u00e1n el 11 de mayo"},"content":{"rendered":"\n<p>El gobierno de la provincia de San Luis convoc\u00f3 para el segundo domingo de mayo a elecciones provinciales, destinadas a renovar la mitad de las bancas en la c\u00e1mara de Senadores y de Diputados de la Provincia. Se usar\u00e1 por primera vez la Boleta \u00danica Papel y ya no regir\u00e1 la Ley de Lemas.<br>La C\u00e1mara de Diputados provincial renovar\u00e1 la mitad de las bancas. Tambi\u00e9n habr\u00e1 elecciones para definir cuatro esca\u00f1os del Senado.<br>En esa fecha, tambi\u00e9n se pondr\u00e1 en juego la renovaci\u00f3n de la mitad de los esca\u00f1os legislativos municipales y 10 municipios y comisionados municipales, elegir\u00e1n a sus m\u00e1ximas autoridades ejecutivas.<\/p>\n\n\n\n<figure class=\"wp-block-image size-large\"><img fetchpriority=\"high\" decoding=\"async\" width=\"1024\" height=\"683\" src=\"https:\/\/vecinosdelinterior.com\/wp-content\/uploads\/2024\/12\/WhatsApp-Image-2024-12-30-at-14.46.48-1024x683.jpeg\" alt=\"\" class=\"wp-image-3343\" srcset=\"https:\/\/vecinosdelinterior.com\/wp-content\/uploads\/2024\/12\/WhatsApp-Image-2024-12-30-at-14.46.48-1024x683.jpeg 1024w, https:\/\/vecinosdelinterior.com\/wp-content\/uploads\/2024\/12\/WhatsApp-Image-2024-12-30-at-14.46.48-300x200.jpeg 300w, https:\/\/vecinosdelinterior.com\/wp-content\/uploads\/2024\/12\/WhatsApp-Image-2024-12-30-at-14.46.48-768x512.jpeg 768w, https:\/\/vecinosdelinterior.com\/wp-content\/uploads\/2024\/12\/WhatsApp-Image-2024-12-30-at-14.46.48-750x500.jpeg 750w, https:\/\/vecinosdelinterior.com\/wp-content\/uploads\/2024\/12\/WhatsApp-Image-2024-12-30-at-14.46.48-1140x760.jpeg 1140w, https:\/\/vecinosdelinterior.com\/wp-content\/uploads\/2024\/12\/WhatsApp-Image-2024-12-30-at-14.46.48.jpeg 1200w\" sizes=\"(max-width: 1024px) 100vw, 1024px\" \/><\/figure>\n\n\n\n<p><br>El Gobierno provincial decidi\u00f3 que las elecciones de medio t\u00e9rmino se lleven al cabo el pr\u00f3ximo 11 de mayo. Ser\u00e1n las primeras con Boleta \u00danica Papel, una herramienta para lograr, adem\u00e1s de un beneficio ambiental, la equidad y transparencia que generen confianza en nuestro sistema electoral, mayor igualdad entre las fuerzas pol\u00edticas que compiten en la elecci\u00f3n. Adem\u00e1s, ser\u00e1n sin la Ley de Lemas creada por la gesti\u00f3n anterior, lo que brinda un salto en la calidad institucional.<br>No habr\u00e1 Primarias Abiertas Simult\u00e1neas y Obligatorias (PASO), ni su variante PAS, que en alg\u00fan momento rigieron en San Luis. Los partidos que quieran resolver sus candidaturas en elecciones internas deber\u00e1n hacerlo por su cuenta, ya que no ser\u00e1n solventadas por el Estado provincial.<br>Los avances institucionales en materia electoral es fruto del trabajo realizado por la Comisi\u00f3n de An\u00e1lisis del Sistema Electoral Vigente, una iniciativa que habilit\u00f3 los consensos necesarios para generar la legislaci\u00f3n que permiti\u00f3 la actualizaci\u00f3n del sistema electoral y el ejercicio de los derechos pol\u00edticos.<\/p>\n\n\n\n<p><br><strong>\u00bfQu\u00e9 se elige?<br><\/strong>Se renovar\u00e1n la mitad de las c\u00e1maras de Senadores y Diputados de San Luis, los mandatos de algunos intendentes e intendentes comisionados que vencen el 10 de diciembre de 2025 y tambi\u00e9n la mitad de los concejos deliberantes.<br>Los departamentos que elegir\u00e1n un senador provincial titular y uno suplente ser\u00e1n: Belgrano, San Mart\u00edn, Ayacucho y Pedernera. En tanto que la ciudadan\u00eda tambi\u00e9n deber\u00e1 elegir 22 diputados provinciales titulares y 22 suplentes, divididos de la siguiente manera: 10 por el departamento Pueyrred\u00f3n, tres por Dupuy, tres por Pringles, tres por Jun\u00edn y tres por Belgrano.<br>El Gobierno tambi\u00e9n invit\u00f3 a los intendentes municipales de la ciudad de San Luis, Juana Koslay, La Punta, Potrero de los Funes, El Volc\u00e1n, Villa Mercedes, Justo Daract, Buena Esperanza, Uni\u00f3n, Concar\u00e1n, Tilisarao, Naschel, Quines, San Francisco del Monte de Oro, Luj\u00e1n, Santa Rosa del Conlara, Villa de Merlo, Carpinter\u00eda, San Mart\u00edn, Los Manantiales, La Toma y El Trapiche a organizar las elecciones locales (ya sea para intendentes las que correspondiera, y para concejales) para el mismo 11 de mayo de 2025, en coincidencia con las provinciales.<br>Se elige intendente en Juana Koslay, Potrero de los Funes, Uni\u00f3n, Naschel, Luj\u00e1n y Los Manantiales. En tanto que Beazley, La Calera, Nogol\u00ed y Renca tendr\u00e1n comicios para renovar a sus intendentes comisionados.<br>En cuanto a concejales titulares y suplentes, renovar\u00e1n parcialmente San Luis (7), Juana Koslay (2), La Punta (5), Potrero de los Funes (3), El Volc\u00e1n (2), Villa Mercedes (6), Justo Daract (5), Buena Esperanza (2), Uni\u00f3n (2), Concar\u00e1n (3), Tilisarao (3), Naschel (2), Quines (3), San Francisco (3), Luj\u00e1n (2), Candelaria (2), Santa Rosa del conlara (3), Villa de Merlo (5), Carpinter\u00eda (2), San Mart\u00edn (2), Los Manantiales (2), La Toma (4) y El Trapiche (2).<\/p>\n","protected":false},"excerpt":{"rendered":"<p>El gobierno de la provincia de San Luis convoc\u00f3 para el segundo domingo de mayo a elecciones provinciales, destinadas a renovar la mitad de las bancas en la c\u00e1mara de Senadores y de Diputados de la Provincia. Se usar\u00e1 por primera vez la Boleta \u00danica Papel y ya no regir\u00e1 la Ley de Lemas.La C\u00e1mara [&hellip;]<\/p>\n","protected":false},"author":1,"featured_media":3343,"comment_status":"open","ping_status":"open","sticky":false,"template":"","format":"standard","meta":{"footnotes":""},"categories":[1],"tags":[],"class_list":["post-3342","post","type-post","status-publish","format-standard","has-post-thumbnail","hentry","category-blog"],"_links":{"self":[{"href":"https:\/\/vecinosdelinterior.com\/index.php\/wp-json\/wp\/v2\/posts\/3342","targetHints":{"allow":["GET"]}}],"collection":[{"href":"https:\/\/vecinosdelinterior.com\/index.php\/wp-json\/wp\/v2\/posts"}],"about":[{"href":"https:\/\/vecinosdelinterior.com\/index.php\/wp-json\/wp\/v2\/types\/post"}],"author":[{"embeddable":true,"href":"https:\/\/vecinosdelinterior.com\/index.php\/wp-json\/wp\/v2\/users\/1"}],"replies":[{"embeddable":true,"href":"https:\/\/vecinosdelinterior.com\/index.php\/wp-json\/wp\/v2\/comments?post=3342"}],"version-history":[{"count":1,"href":"https:\/\/vecinosdelinterior.com\/index.php\/wp-json\/wp\/v2\/posts\/3342\/revisions"}],"predecessor-version":[{"id":3344,"href":"https:\/\/vecinosdelinterior.com\/index.php\/wp-json\/wp\/v2\/posts\/3342\/revisions\/3344"}],"wp:featuredmedia":[{"embeddable":true,"href":"https:\/\/vecinosdelinterior.com\/index.php\/wp-json\/wp\/v2\/media\/3343"}],"wp:attachment":[{"href":"https:\/\/vecinosdelinterior.com\/index.php\/wp-json\/wp\/v2\/media?parent=3342"}],"wp:term":[{"taxonomy":"category","embeddable":true,"href":"https:\/\/vecinosdelinterior.com\/index.php\/wp-json\/wp\/v2\/categories?post=3342"},{"taxonomy":"post_tag","embeddable":true,"href":"https:\/\/vecinosdelinterior.com\/index.php\/wp-json\/wp\/v2\/tags?post=3342"}],"curies":[{"name":"wp","href":"https:\/\/api.w.org\/{rel}","templated":true}]}}