{"id":335,"date":"2023-08-23T13:33:23","date_gmt":"2023-08-23T16:33:23","guid":{"rendered":"https:\/\/vecinosdelinterior.com\/?p=335"},"modified":"2023-08-23T13:33:24","modified_gmt":"2023-08-23T16:33:24","slug":"el-centro-cultural-de-san-francisco-conmemorara-la-semana-de-san-luis","status":"publish","type":"post","link":"https:\/\/vecinosdelinterior.com\/index.php\/2023\/08\/23\/el-centro-cultural-de-san-francisco-conmemorara-la-semana-de-san-luis\/","title":{"rendered":"El Centro Cultural de San Francisco conmemorar\u00e1 la semana de San Luis"},"content":{"rendered":"\n<p>La casa museo cabecera del departamento Ayacucho tendr\u00e1 una charla sobre la historia de San Luis, a cargo del reconocido profesor Jos\u00e9 Villegas y la presentaci\u00f3n de los libros de escritores mercedinos Dario Oliva y Jorge Osvaldo Ramonell en el marco del aniversario de la fundaci\u00f3n de la ciudad de San Luis. Adem\u00e1s, habr\u00e1 danzas criollas y m\u00fasica en vivo. La invitaci\u00f3n es abierta a la comunidad y la entrada es sin costo.<\/p>\n\n\n\n<p>Desde la Casa Cultural de San Francisco detallaron que en el marco del aniversario de la fundaci\u00f3n de la ciudad de San Luis, que este 25 de agosto cumplir\u00e1 429 a\u00f1os, se realizar\u00e1n en la casa museo norte\u00f1a diferentes actividades.<\/p>\n\n\n\n<figure class=\"wp-block-image size-full\"><img fetchpriority=\"high\" decoding=\"async\" width=\"630\" height=\"420\" src=\"https:\/\/vecinosdelinterior.com\/wp-content\/uploads\/2023\/08\/SAN-FRANCISCO-.jpeg\" alt=\"\" class=\"wp-image-336\" srcset=\"https:\/\/vecinosdelinterior.com\/wp-content\/uploads\/2023\/08\/SAN-FRANCISCO-.jpeg 630w, https:\/\/vecinosdelinterior.com\/wp-content\/uploads\/2023\/08\/SAN-FRANCISCO--300x200.jpeg 300w\" sizes=\"(max-width: 630px) 100vw, 630px\" \/><\/figure>\n\n\n\n<p>Este 22 de agosto, a las 18:00, en la Sala \u201cAsunta Manca de Heredia\u201d se realizar\u00e1 la disertaci\u00f3n \u201cEl acta perdida\u201d, la fundaci\u00f3n de la ciudad de San Luis en el mes de la Puntanidad, a cargo del historiador, docente, investigador y escritor Jos\u00e9 Villegas.<\/p>\n\n\n\n<p>Las danzas criollas estar\u00e1n presentes de la mano del ballet \u201cAromas de mi pago\u201d, a cargo de la profesora Sandra Ricarte.<\/p>\n\n\n\n<p>En tanto que este 23 de agosto, a partir de las 18:00, se realizar\u00e1 la presentaci\u00f3n de los libros \u201cMirar desde el silencio\u201d (Haikus), del escritor e ingeniero electromec\u00e1nico mercedino radicado en Luj\u00e1n, Jorge Osvaldo Ramonell.<\/p>\n\n\n\n<p>En la misma jornada Dar\u00edo Oliva presentar\u00e1 \u201cLa avaricia del lenguaje\u201d, quien tambi\u00e9n es de Villa Mercedes y cuenta con una vasta trayectoria con las letras. Fue coordinador de talleres de creaci\u00f3n literaria, jurado en cert\u00e1menes de literatura, como tambi\u00e9n gestor cultural y creador del encuentro art\u00edstico-literario \u201cPoes\u00eda Fusi\u00f3n\u201d.<\/p>\n\n\n\n<p>En esta propuesta cultural estar\u00e1 presente el Ballet Escuela \u201cEstirpe Gaucha\u201d, a cargo de la profesora Silvana Nievas, quien har\u00e1 una presentaci\u00f3n de danzas criollas.<\/p>\n","protected":false},"excerpt":{"rendered":"<p>La casa museo cabecera del departamento Ayacucho tendr\u00e1 una charla sobre la historia de San Luis, a cargo del reconocido profesor Jos\u00e9 Villegas y la presentaci\u00f3n de los libros de escritores mercedinos Dario Oliva y Jorge Osvaldo Ramonell en el marco del aniversario de la fundaci\u00f3n de la ciudad de San Luis. Adem\u00e1s, habr\u00e1 danzas [&hellip;]<\/p>\n","protected":false},"author":1,"featured_media":336,"comment_status":"open","ping_status":"open","sticky":false,"template":"","format":"standard","meta":{"footnotes":""},"categories":[8,9],"tags":[138,11],"class_list":["post-335","post","type-post","status-publish","format-standard","has-post-thumbnail","hentry","category-ayacucho","category-san-francisco","tag-cultura","tag-san-francisco"],"_links":{"self":[{"href":"https:\/\/vecinosdelinterior.com\/index.php\/wp-json\/wp\/v2\/posts\/335","targetHints":{"allow":["GET"]}}],"collection":[{"href":"https:\/\/vecinosdelinterior.com\/index.php\/wp-json\/wp\/v2\/posts"}],"about":[{"href":"https:\/\/vecinosdelinterior.com\/index.php\/wp-json\/wp\/v2\/types\/post"}],"author":[{"embeddable":true,"href":"https:\/\/vecinosdelinterior.com\/index.php\/wp-json\/wp\/v2\/users\/1"}],"replies":[{"embeddable":true,"href":"https:\/\/vecinosdelinterior.com\/index.php\/wp-json\/wp\/v2\/comments?post=335"}],"version-history":[{"count":1,"href":"https:\/\/vecinosdelinterior.com\/index.php\/wp-json\/wp\/v2\/posts\/335\/revisions"}],"predecessor-version":[{"id":337,"href":"https:\/\/vecinosdelinterior.com\/index.php\/wp-json\/wp\/v2\/posts\/335\/revisions\/337"}],"wp:featuredmedia":[{"embeddable":true,"href":"https:\/\/vecinosdelinterior.com\/index.php\/wp-json\/wp\/v2\/media\/336"}],"wp:attachment":[{"href":"https:\/\/vecinosdelinterior.com\/index.php\/wp-json\/wp\/v2\/media?parent=335"}],"wp:term":[{"taxonomy":"category","embeddable":true,"href":"https:\/\/vecinosdelinterior.com\/index.php\/wp-json\/wp\/v2\/categories?post=335"},{"taxonomy":"post_tag","embeddable":true,"href":"https:\/\/vecinosdelinterior.com\/index.php\/wp-json\/wp\/v2\/tags?post=335"}],"curies":[{"name":"wp","href":"https:\/\/api.w.org\/{rel}","templated":true}]}}