{"id":3371,"date":"2025-01-03T08:22:00","date_gmt":"2025-01-03T11:22:00","guid":{"rendered":"https:\/\/vecinosdelinterior.com\/?p=3371"},"modified":"2025-01-03T12:24:16","modified_gmt":"2025-01-03T15:24:16","slug":"asalto-en-cortaderas-roban-800-000-a-un-comerciante","status":"publish","type":"post","link":"https:\/\/vecinosdelinterior.com\/index.php\/2025\/01\/03\/asalto-en-cortaderas-roban-800-000-a-un-comerciante\/","title":{"rendered":"Asalto en Cortaderas: roban $800.000 a un comerciante"},"content":{"rendered":"\n<p><\/p>\n\n\n\n<p>Un comerciante denunci\u00f3 el domingo por la ma\u00f1ana el robo de $800.000 mientras circulaba en su veh\u00edculo hacia la zona conocida como \u00abLa Pituca\u00bb, en Cortaderas.<\/p>\n\n\n\n<p>Cerca de las 8.00, se cruz\u00f3 con un hombre en el camino que logr\u00f3 esquivar. Metros m\u00e1s adelante, se detuvo y apareci\u00f3 un segundo sujeto que golpe\u00f3 su ventanilla. Al abrirle, el individuo ingres\u00f3 al auto y lo amenaz\u00f3 con un cuchillo, llev\u00e1ndose un sobre con el dinero.<\/p>\n\n\n\n<p>Banner publicite aqui grupo ciudad<br>Un tercer hombre, que portaba un arma, se uni\u00f3 al asalto antes de que los tres delincuentes huyeran a pie por un descampado.<\/p>\n\n\n\n<p>La Polic\u00eda de Cortaderas, la DDI de Merlo, el grupo COAR y personal de Criminal\u00edstica intervienen para rastrear a los sospechosos, pero todav\u00eda no hay ning\u00fan detenido.<\/p>\n","protected":false},"excerpt":{"rendered":"<p>Un comerciante denunci\u00f3 el domingo por la ma\u00f1ana el robo de $800.000 mientras circulaba en su veh\u00edculo hacia la zona conocida como \u00abLa Pituca\u00bb, en Cortaderas. Cerca de las 8.00, se cruz\u00f3 con un hombre en el camino que logr\u00f3 esquivar. Metros m\u00e1s adelante, se detuvo y apareci\u00f3 un segundo sujeto que golpe\u00f3 su ventanilla. [&hellip;]<\/p>\n","protected":false},"author":1,"featured_media":3372,"comment_status":"open","ping_status":"open","sticky":false,"template":"","format":"standard","meta":{"footnotes":""},"categories":[29,275],"tags":[213],"class_list":["post-3371","post","type-post","status-publish","format-standard","has-post-thumbnail","hentry","category-chacabuco","category-cortaderas","tag-policial"],"_links":{"self":[{"href":"https:\/\/vecinosdelinterior.com\/index.php\/wp-json\/wp\/v2\/posts\/3371","targetHints":{"allow":["GET"]}}],"collection":[{"href":"https:\/\/vecinosdelinterior.com\/index.php\/wp-json\/wp\/v2\/posts"}],"about":[{"href":"https:\/\/vecinosdelinterior.com\/index.php\/wp-json\/wp\/v2\/types\/post"}],"author":[{"embeddable":true,"href":"https:\/\/vecinosdelinterior.com\/index.php\/wp-json\/wp\/v2\/users\/1"}],"replies":[{"embeddable":true,"href":"https:\/\/vecinosdelinterior.com\/index.php\/wp-json\/wp\/v2\/comments?post=3371"}],"version-history":[{"count":1,"href":"https:\/\/vecinosdelinterior.com\/index.php\/wp-json\/wp\/v2\/posts\/3371\/revisions"}],"predecessor-version":[{"id":3373,"href":"https:\/\/vecinosdelinterior.com\/index.php\/wp-json\/wp\/v2\/posts\/3371\/revisions\/3373"}],"wp:featuredmedia":[{"embeddable":true,"href":"https:\/\/vecinosdelinterior.com\/index.php\/wp-json\/wp\/v2\/media\/3372"}],"wp:attachment":[{"href":"https:\/\/vecinosdelinterior.com\/index.php\/wp-json\/wp\/v2\/media?parent=3371"}],"wp:term":[{"taxonomy":"category","embeddable":true,"href":"https:\/\/vecinosdelinterior.com\/index.php\/wp-json\/wp\/v2\/categories?post=3371"},{"taxonomy":"post_tag","embeddable":true,"href":"https:\/\/vecinosdelinterior.com\/index.php\/wp-json\/wp\/v2\/tags?post=3371"}],"curies":[{"name":"wp","href":"https:\/\/api.w.org\/{rel}","templated":true}]}}