{"id":3380,"date":"2025-01-03T11:27:00","date_gmt":"2025-01-03T14:27:00","guid":{"rendered":"https:\/\/vecinosdelinterior.com\/?p=3380"},"modified":"2025-01-03T12:29:18","modified_gmt":"2025-01-03T15:29:18","slug":"san-luis-puso-primera-el-festival-provincial-del-artesano-inauguro-la-temporada-en-san-francisco","status":"publish","type":"post","link":"https:\/\/vecinosdelinterior.com\/index.php\/2025\/01\/03\/san-luis-puso-primera-el-festival-provincial-del-artesano-inauguro-la-temporada-en-san-francisco\/","title":{"rendered":"San Luis puso primera: el Festival Provincial del Artesano inaugur\u00f3 la temporada en San Francisco"},"content":{"rendered":"\n<p>El calendario de celebraciones del verano comenz\u00f3 en el polideportivo municipal, con una velada que tuvo como centro de atenci\u00f3n a quienes forjaron la cultura e identidad del pueblo con sus manualidades pero que tambi\u00e9n fue una oportunidad para emprendedores gastron\u00f3micos, una vidriera para exhibir el talento art\u00edstico y fundamentalmente un espacio de encuentro entre vecinos.<br>La temporada estival 2025 arranc\u00f3 a todo ritmo en San Francisco del Monte de Oro, con la primera noche del 36\u00b0 Festival Provincial del Artesano, una tradici\u00f3n que ya lleva casi cuatro d\u00e9cadas desplegando lo mejor del talento local en el oficio de las manualidades. La celebraci\u00f3n convoc\u00f3 a cientos de vecinos de todo San Luis e incluso de provincias y pa\u00edses aleda\u00f1os, quienes se congregaron en el renovado polideportivo municipal para compartir una jornada marcada por el clima festivo, la oferta gastron\u00f3mica variada, los espect\u00e1culos art\u00edsticos y la ponderaci\u00f3n de la cultura y tradici\u00f3n de San Francisco.<\/p>\n\n\n\n<figure class=\"wp-block-gallery has-nested-images columns-default is-cropped wp-block-gallery-1 is-layout-flex wp-block-gallery-is-layout-flex\">\n<figure class=\"wp-block-image size-large\"><img fetchpriority=\"high\" decoding=\"async\" width=\"1024\" height=\"681\" data-id=\"3382\" src=\"https:\/\/vecinosdelinterior.com\/wp-content\/uploads\/2025\/01\/472209896_460690843748274_1805457673394386070_n-1024x681.jpg\" alt=\"\" class=\"wp-image-3382\" srcset=\"https:\/\/vecinosdelinterior.com\/wp-content\/uploads\/2025\/01\/472209896_460690843748274_1805457673394386070_n-1024x681.jpg 1024w, https:\/\/vecinosdelinterior.com\/wp-content\/uploads\/2025\/01\/472209896_460690843748274_1805457673394386070_n-300x200.jpg 300w, https:\/\/vecinosdelinterior.com\/wp-content\/uploads\/2025\/01\/472209896_460690843748274_1805457673394386070_n-768x511.jpg 768w, https:\/\/vecinosdelinterior.com\/wp-content\/uploads\/2025\/01\/472209896_460690843748274_1805457673394386070_n-1536x1022.jpg 1536w, https:\/\/vecinosdelinterior.com\/wp-content\/uploads\/2025\/01\/472209896_460690843748274_1805457673394386070_n-750x499.jpg 750w, https:\/\/vecinosdelinterior.com\/wp-content\/uploads\/2025\/01\/472209896_460690843748274_1805457673394386070_n-1140x758.jpg 1140w, https:\/\/vecinosdelinterior.com\/wp-content\/uploads\/2025\/01\/472209896_460690843748274_1805457673394386070_n.jpg 2048w\" sizes=\"(max-width: 1024px) 100vw, 1024px\" \/><\/figure>\n\n\n\n<figure class=\"wp-block-image size-large\"><img decoding=\"async\" width=\"1024\" height=\"681\" data-id=\"3383\" src=\"https:\/\/vecinosdelinterior.com\/wp-content\/uploads\/2025\/01\/472652856_460690847081607_7659348434222373125_n-1024x681.jpg\" alt=\"\" class=\"wp-image-3383\" srcset=\"https:\/\/vecinosdelinterior.com\/wp-content\/uploads\/2025\/01\/472652856_460690847081607_7659348434222373125_n-1024x681.jpg 1024w, https:\/\/vecinosdelinterior.com\/wp-content\/uploads\/2025\/01\/472652856_460690847081607_7659348434222373125_n-300x200.jpg 300w, https:\/\/vecinosdelinterior.com\/wp-content\/uploads\/2025\/01\/472652856_460690847081607_7659348434222373125_n-768x511.jpg 768w, https:\/\/vecinosdelinterior.com\/wp-content\/uploads\/2025\/01\/472652856_460690847081607_7659348434222373125_n-1536x1022.jpg 1536w, https:\/\/vecinosdelinterior.com\/wp-content\/uploads\/2025\/01\/472652856_460690847081607_7659348434222373125_n-750x499.jpg 750w, https:\/\/vecinosdelinterior.com\/wp-content\/uploads\/2025\/01\/472652856_460690847081607_7659348434222373125_n-1140x758.jpg 1140w, https:\/\/vecinosdelinterior.com\/wp-content\/uploads\/2025\/01\/472652856_460690847081607_7659348434222373125_n.jpg 2048w\" sizes=\"(max-width: 1024px) 100vw, 1024px\" \/><\/figure>\n\n\n\n<figure class=\"wp-block-image size-large\"><img decoding=\"async\" width=\"500\" height=\"412\" data-id=\"3381\" src=\"https:\/\/vecinosdelinterior.com\/wp-content\/uploads\/2025\/01\/472541875_460690817081610_5080602183055418902_n.jpg\" alt=\"\" class=\"wp-image-3381\" srcset=\"https:\/\/vecinosdelinterior.com\/wp-content\/uploads\/2025\/01\/472541875_460690817081610_5080602183055418902_n.jpg 500w, https:\/\/vecinosdelinterior.com\/wp-content\/uploads\/2025\/01\/472541875_460690817081610_5080602183055418902_n-300x247.jpg 300w\" sizes=\"(max-width: 500px) 100vw, 500px\" \/><\/figure>\n<\/figure>\n\n\n\n<p><br>Las puertas de ingreso al predio abrieron poco antes de las 21:00, con muchos vecinos haciendo filas para entrar. El atractivo central del evento tuvo lugar en la cancha de f\u00fatbol del polideportivo, al aire libre. All\u00ed, en una de las esquinas estuvo montado el escenario por el cual pasaron toda la noche artistas de renombre en el \u00e1mbito local, provincial y hasta nacional. A sus alrededores, decenas de puestos que variaron entre el rubro gastron\u00f3mico y las elaboraciones de artesanos.<br>\u201cEs una gran alegr\u00eda formar parte de la inauguraci\u00f3n de los festivales, que podamos rendirle homenaje a la cultura y tradici\u00f3n de San Francisco ac\u00e1, en la cuna de maestros y con los artesanos, es muy importante\u201d, se\u00f1al\u00f3 el intendente, Sandro Flores, quien adem\u00e1s, analizando ya lo que ser\u00e1 el movimiento tur\u00edstico en el pueblo, asegur\u00f3 que tienen grandes expectativas respecto de la temporada que ya comenz\u00f3.<br>\u201cHicimos un esfuerzo grande para renovar el predio, traer un escenario, armar una grilla prestigiosa, todo eso es decirle \u2018s\u00ed\u2019 a que gire la rueda econ\u00f3mica. Hoy tenemos 100% de ocupaci\u00f3n hotelera, restaurantes que desbordan, artesanos y productores en actividad. Este pueblo se prepara para recibir a sus visitantes, queremos ser el mejor anfitri\u00f3n, brindar nuestros cinco r\u00edos y el dique a pleno. Lo importante es que la gente vuelva, que comunique y que difunda nuestras atracciones\u201d, expres\u00f3.<br>La agenda de actividades en el escenario no solamente contempl\u00f3 los espect\u00e1culos de m\u00fasica y danza, entre los que pasaron por ejemplo \u2018Euge Quevedo y la Banda de Carlitos\u2019, \u2018Tr\u00edo Chamamecero\u2019, \u2018Emanuel Mansilla\u2019, \u2018Simplemente Los Cantores del Alba\u2019 y \u2018Los Pasioneros\u2019, sino que tambi\u00e9n fue aprovechado para ciertas menciones especiales. Uno de ellos fue a Fernando Quevedo, compositor local que estuvo nominado recientemente a los Premios Gardel y que asegur\u00f3 que \u201cdonde sea que me reconozcan me gusta que digan que soy de San Francisco, siento que mis logros son los de mi pueblo\u201d. Los vecinos tambi\u00e9n pudieron conocer a las candidatas a Reina 2025, que ser\u00e1 elegida este viernes, mientras que el Intendente entreg\u00f3 plaquetas distintivas a artesanos destacados, quienes a trav\u00e9s de su labor logran constantemente \u201creflejar la identidad de nuestra gente\u201d.<\/p>\n","protected":false},"excerpt":{"rendered":"<p>El calendario de celebraciones del verano comenz\u00f3 en el polideportivo municipal, con una velada que tuvo como centro de atenci\u00f3n a quienes forjaron la cultura e identidad del pueblo con sus manualidades pero que tambi\u00e9n fue una oportunidad para emprendedores gastron\u00f3micos, una vidriera para exhibir el talento art\u00edstico y fundamentalmente un espacio de encuentro entre [&hellip;]<\/p>\n","protected":false},"author":1,"featured_media":3383,"comment_status":"open","ping_status":"open","sticky":false,"template":"","format":"standard","meta":{"footnotes":""},"categories":[8,9],"tags":[],"class_list":["post-3380","post","type-post","status-publish","format-standard","has-post-thumbnail","hentry","category-ayacucho","category-san-francisco"],"_links":{"self":[{"href":"https:\/\/vecinosdelinterior.com\/index.php\/wp-json\/wp\/v2\/posts\/3380","targetHints":{"allow":["GET"]}}],"collection":[{"href":"https:\/\/vecinosdelinterior.com\/index.php\/wp-json\/wp\/v2\/posts"}],"about":[{"href":"https:\/\/vecinosdelinterior.com\/index.php\/wp-json\/wp\/v2\/types\/post"}],"author":[{"embeddable":true,"href":"https:\/\/vecinosdelinterior.com\/index.php\/wp-json\/wp\/v2\/users\/1"}],"replies":[{"embeddable":true,"href":"https:\/\/vecinosdelinterior.com\/index.php\/wp-json\/wp\/v2\/comments?post=3380"}],"version-history":[{"count":1,"href":"https:\/\/vecinosdelinterior.com\/index.php\/wp-json\/wp\/v2\/posts\/3380\/revisions"}],"predecessor-version":[{"id":3384,"href":"https:\/\/vecinosdelinterior.com\/index.php\/wp-json\/wp\/v2\/posts\/3380\/revisions\/3384"}],"wp:featuredmedia":[{"embeddable":true,"href":"https:\/\/vecinosdelinterior.com\/index.php\/wp-json\/wp\/v2\/media\/3383"}],"wp:attachment":[{"href":"https:\/\/vecinosdelinterior.com\/index.php\/wp-json\/wp\/v2\/media?parent=3380"}],"wp:term":[{"taxonomy":"category","embeddable":true,"href":"https:\/\/vecinosdelinterior.com\/index.php\/wp-json\/wp\/v2\/categories?post=3380"},{"taxonomy":"post_tag","embeddable":true,"href":"https:\/\/vecinosdelinterior.com\/index.php\/wp-json\/wp\/v2\/tags?post=3380"}],"curies":[{"name":"wp","href":"https:\/\/api.w.org\/{rel}","templated":true}]}}