{"id":3385,"date":"2025-01-03T18:26:38","date_gmt":"2025-01-03T21:26:38","guid":{"rendered":"https:\/\/vecinosdelinterior.com\/?p=3385"},"modified":"2025-01-03T18:26:38","modified_gmt":"2025-01-03T21:26:38","slug":"el-gobierno-provincial-readecua-las-tarifas-del-servicio-de-interurbano","status":"publish","type":"post","link":"https:\/\/vecinosdelinterior.com\/index.php\/2025\/01\/03\/el-gobierno-provincial-readecua-las-tarifas-del-servicio-de-interurbano\/","title":{"rendered":"El Gobierno provincial readec\u00faa las tarifas del servicio de interurbano"},"content":{"rendered":"\n<p>Desde este s\u00e1bado, la Secretaria de Transporte provincial llevar\u00e1 a cabo una actualizaci\u00f3n en las tarifas del transporte interurbano, que afectar\u00e1 tanto a los servicios de corta, media como larga distancia.<\/p>\n\n\n\n<figure class=\"wp-block-image size-large is-resized\"><img fetchpriority=\"high\" decoding=\"async\" src=\"https:\/\/vecinosdelinterior.com\/wp-content\/uploads\/2025\/01\/INFOR-GRAL-2-1024x910.png\" alt=\"\" class=\"wp-image-3386\" width=\"429\" height=\"381\" srcset=\"https:\/\/vecinosdelinterior.com\/wp-content\/uploads\/2025\/01\/INFOR-GRAL-2-1024x910.png 1024w, https:\/\/vecinosdelinterior.com\/wp-content\/uploads\/2025\/01\/INFOR-GRAL-2-300x267.png 300w, https:\/\/vecinosdelinterior.com\/wp-content\/uploads\/2025\/01\/INFOR-GRAL-2-768x683.png 768w, https:\/\/vecinosdelinterior.com\/wp-content\/uploads\/2025\/01\/INFOR-GRAL-2-750x667.png 750w, https:\/\/vecinosdelinterior.com\/wp-content\/uploads\/2025\/01\/INFOR-GRAL-2-1140x1013.png 1140w, https:\/\/vecinosdelinterior.com\/wp-content\/uploads\/2025\/01\/INFOR-GRAL-2.png 1523w\" sizes=\"(max-width: 429px) 100vw, 429px\" \/><\/figure>\n\n\n\n<p><br>La actualizaci\u00f3n de tarifas, que oscila entre un 7 y un 10%, responde a diversos factores. En primer lugar, cumplimiento de los acuerdos salariales establecidos con el sindicato de la Uni\u00f3n Tranviarios Automotor (UTA) y adem\u00e1s, se consideran los incrementos en los costos de los insumos esenciales para el funcionamiento del servicio, tales como combustibles, repuestos y mantenimiento.<\/p>\n\n\n\n<p>TARIFARIO COMPLETO<\/p>\n\n\n\n<div data-wp-interactive=\"core\/file\" class=\"wp-block-file\"><object data-wp-bind--hidden=\"!state.hasPdfPreview\" hidden class=\"wp-block-file__embed\" data=\"https:\/\/vecinosdelinterior.com\/wp-content\/uploads\/2025\/01\/RESOLUCION-N\u00b0-02-DT2025-4.pdf\" type=\"application\/pdf\" style=\"width:100%;height:600px\" aria-label=\"Incrustado de RESOLUCION-N\u00b0-02-DT2025-4.\"><\/object><a id=\"wp-block-file--media-add63d97-b5e5-45e0-9624-77f063b9db47\" href=\"https:\/\/vecinosdelinterior.com\/wp-content\/uploads\/2025\/01\/RESOLUCION-N\u00b0-02-DT2025-4.pdf\">RESOLUCION-N\u00b0-02-DT2025-4<\/a><a href=\"https:\/\/vecinosdelinterior.com\/wp-content\/uploads\/2025\/01\/RESOLUCION-N\u00b0-02-DT2025-4.pdf\" class=\"wp-block-file__button wp-element-button\" download aria-describedby=\"wp-block-file--media-add63d97-b5e5-45e0-9624-77f063b9db47\">Descarga<\/a><\/div>\n","protected":false},"excerpt":{"rendered":"<p>Desde este s\u00e1bado, la Secretaria de Transporte provincial llevar\u00e1 a cabo una actualizaci\u00f3n en las tarifas del transporte interurbano, que afectar\u00e1 tanto a los servicios de corta, media como larga distancia. La actualizaci\u00f3n de tarifas, que oscila entre un 7 y un 10%, responde a diversos factores. En primer lugar, cumplimiento de los acuerdos salariales [&hellip;]<\/p>\n","protected":false},"author":1,"featured_media":3386,"comment_status":"open","ping_status":"open","sticky":false,"template":"","format":"standard","meta":{"footnotes":""},"categories":[1],"tags":[],"class_list":["post-3385","post","type-post","status-publish","format-standard","has-post-thumbnail","hentry","category-blog"],"_links":{"self":[{"href":"https:\/\/vecinosdelinterior.com\/index.php\/wp-json\/wp\/v2\/posts\/3385","targetHints":{"allow":["GET"]}}],"collection":[{"href":"https:\/\/vecinosdelinterior.com\/index.php\/wp-json\/wp\/v2\/posts"}],"about":[{"href":"https:\/\/vecinosdelinterior.com\/index.php\/wp-json\/wp\/v2\/types\/post"}],"author":[{"embeddable":true,"href":"https:\/\/vecinosdelinterior.com\/index.php\/wp-json\/wp\/v2\/users\/1"}],"replies":[{"embeddable":true,"href":"https:\/\/vecinosdelinterior.com\/index.php\/wp-json\/wp\/v2\/comments?post=3385"}],"version-history":[{"count":1,"href":"https:\/\/vecinosdelinterior.com\/index.php\/wp-json\/wp\/v2\/posts\/3385\/revisions"}],"predecessor-version":[{"id":3388,"href":"https:\/\/vecinosdelinterior.com\/index.php\/wp-json\/wp\/v2\/posts\/3385\/revisions\/3388"}],"wp:featuredmedia":[{"embeddable":true,"href":"https:\/\/vecinosdelinterior.com\/index.php\/wp-json\/wp\/v2\/media\/3386"}],"wp:attachment":[{"href":"https:\/\/vecinosdelinterior.com\/index.php\/wp-json\/wp\/v2\/media?parent=3385"}],"wp:term":[{"taxonomy":"category","embeddable":true,"href":"https:\/\/vecinosdelinterior.com\/index.php\/wp-json\/wp\/v2\/categories?post=3385"},{"taxonomy":"post_tag","embeddable":true,"href":"https:\/\/vecinosdelinterior.com\/index.php\/wp-json\/wp\/v2\/tags?post=3385"}],"curies":[{"name":"wp","href":"https:\/\/api.w.org\/{rel}","templated":true}]}}