{"id":3396,"date":"2025-01-07T20:24:00","date_gmt":"2025-01-07T23:24:00","guid":{"rendered":"https:\/\/vecinosdelinterior.com\/?p=3396"},"modified":"2025-01-08T20:25:30","modified_gmt":"2025-01-08T23:25:30","slug":"reporte-edesal-21hs-trabajos-en-la-normalizacion-del-servicio-en-san-luis","status":"publish","type":"post","link":"https:\/\/vecinosdelinterior.com\/index.php\/2025\/01\/07\/reporte-edesal-21hs-trabajos-en-la-normalizacion-del-servicio-en-san-luis\/","title":{"rendered":"Reporte Edesal: trabajos en la normalizaci\u00f3n del servicio en San Luis"},"content":{"rendered":"\n<p><br>VECINOSDELINTERIOR \/ 07 de enero<br>Contin\u00faan los trabajos de personal de Edesal en l\u00edneas y redes de baja tensi\u00f3n en diferentes zonas.<br>Las tareas a las 21hs de hoy no han finalizado debido a la envergadura de los da\u00f1os y continuar\u00e1n en el resto de la jornada y ma\u00f1ana.<br>Siguen desarroll\u00e1ndose tareas en:<\/p>\n\n\n\n<ul class=\"wp-block-list\">\n<li>zonas rurales de Fraga, Juan Jorba e Isletas (Departamento Pedernera)<\/li>\n\n\n\n<li>zona rural Los Membrillos (La Toma, departamento Pringles)<\/li>\n\n\n\n<li>zona Las Palomas (Quines, departamento Ayacucho).<\/li>\n\n\n\n<li>Zona rural de Nogoli (departamento Belgrano)<\/li>\n\n\n\n<li>Zanjitas, Donovan,W Gez Barranquitas (Departamento Juan M Pueyrred\u00f3n)<\/li>\n\n\n\n<li>Barrio 9 de julio, ciudad de San Luis<\/li>\n<\/ul>\n\n\n\n<figure class=\"wp-block-image size-full\"><img fetchpriority=\"high\" decoding=\"async\" width=\"719\" height=\"715\" src=\"https:\/\/vecinosdelinterior.com\/wp-content\/uploads\/2025\/01\/8-1-2025-20-21-17.jpg\" alt=\"\" class=\"wp-image-3397\" srcset=\"https:\/\/vecinosdelinterior.com\/wp-content\/uploads\/2025\/01\/8-1-2025-20-21-17.jpg 719w, https:\/\/vecinosdelinterior.com\/wp-content\/uploads\/2025\/01\/8-1-2025-20-21-17-300x298.jpg 300w, https:\/\/vecinosdelinterior.com\/wp-content\/uploads\/2025\/01\/8-1-2025-20-21-17-150x150.jpg 150w, https:\/\/vecinosdelinterior.com\/wp-content\/uploads\/2025\/01\/8-1-2025-20-21-17-75x75.jpg 75w\" sizes=\"(max-width: 719px) 100vw, 719px\" \/><\/figure>\n","protected":false},"excerpt":{"rendered":"<p>VECINOSDELINTERIOR \/ 07 de eneroContin\u00faan los trabajos de personal de Edesal en l\u00edneas y redes de baja tensi\u00f3n en diferentes zonas.Las tareas a las 21hs de hoy no han finalizado debido a la envergadura de los da\u00f1os y continuar\u00e1n en el resto de la jornada y ma\u00f1ana.Siguen desarroll\u00e1ndose tareas en:<\/p>\n","protected":false},"author":1,"featured_media":3397,"comment_status":"open","ping_status":"open","sticky":false,"template":"","format":"standard","meta":{"footnotes":""},"categories":[1],"tags":[483],"class_list":["post-3396","post","type-post","status-publish","format-standard","has-post-thumbnail","hentry","category-blog","tag-clima"],"_links":{"self":[{"href":"https:\/\/vecinosdelinterior.com\/index.php\/wp-json\/wp\/v2\/posts\/3396","targetHints":{"allow":["GET"]}}],"collection":[{"href":"https:\/\/vecinosdelinterior.com\/index.php\/wp-json\/wp\/v2\/posts"}],"about":[{"href":"https:\/\/vecinosdelinterior.com\/index.php\/wp-json\/wp\/v2\/types\/post"}],"author":[{"embeddable":true,"href":"https:\/\/vecinosdelinterior.com\/index.php\/wp-json\/wp\/v2\/users\/1"}],"replies":[{"embeddable":true,"href":"https:\/\/vecinosdelinterior.com\/index.php\/wp-json\/wp\/v2\/comments?post=3396"}],"version-history":[{"count":2,"href":"https:\/\/vecinosdelinterior.com\/index.php\/wp-json\/wp\/v2\/posts\/3396\/revisions"}],"predecessor-version":[{"id":3399,"href":"https:\/\/vecinosdelinterior.com\/index.php\/wp-json\/wp\/v2\/posts\/3396\/revisions\/3399"}],"wp:featuredmedia":[{"embeddable":true,"href":"https:\/\/vecinosdelinterior.com\/index.php\/wp-json\/wp\/v2\/media\/3397"}],"wp:attachment":[{"href":"https:\/\/vecinosdelinterior.com\/index.php\/wp-json\/wp\/v2\/media?parent=3396"}],"wp:term":[{"taxonomy":"category","embeddable":true,"href":"https:\/\/vecinosdelinterior.com\/index.php\/wp-json\/wp\/v2\/categories?post=3396"},{"taxonomy":"post_tag","embeddable":true,"href":"https:\/\/vecinosdelinterior.com\/index.php\/wp-json\/wp\/v2\/tags?post=3396"}],"curies":[{"name":"wp","href":"https:\/\/api.w.org\/{rel}","templated":true}]}}