{"id":3416,"date":"2025-01-10T15:39:00","date_gmt":"2025-01-10T18:39:00","guid":{"rendered":"https:\/\/vecinosdelinterior.com\/?p=3416"},"modified":"2025-01-10T15:41:23","modified_gmt":"2025-01-10T18:41:23","slug":"balde-busca-actualizar-su-ordenamiento-territorial","status":"publish","type":"post","link":"https:\/\/vecinosdelinterior.com\/index.php\/2025\/01\/10\/balde-busca-actualizar-su-ordenamiento-territorial\/","title":{"rendered":"Balde busca actualizar su ordenamiento territorial"},"content":{"rendered":"\n<p><\/p>\n\n\n\n<p>Integrantes de la secretar\u00eda de Ambiente y Desarrollo Sustentable mantuvieron un encuentro con autoridades municipales para presentar sus propuestas y conocer el estado de avance en la materia.<\/p>\n\n\n\n<p>Balde, junto al Gobierno Provincial, quiere actualizarse para planificar el desarrollo de su territorio.<br>El secretario de Ambiente, Federico Cacace, y el director de Gesti\u00f3n Ambiental y Vinculaci\u00f3n, David Nicola, recibieron a la intendenta de Balde, Gladys P\u00e1ez, y a su equipo para conocer los trabajos realizados en materia de ordenamiento territorial y de qu\u00e9 forma el municipio puede sumarse a ese proceso.<\/p>\n\n\n\n<p>\u201cActualmente trabajamos con un grupo interdisciplinario de profesionales que ser\u00e1 el encargado de realizar esa actualizaci\u00f3n para los ejidos municipales. Lo que buscamos de cada municipio es que puedan comprometerse a trabajar de manera integral, para contribuir a un ordenamiento territorial, en el que intervengan todos los actores necesarios\u201d, refiri\u00f3 Nicola.<\/p>\n\n\n\n<p>Durante 2024, junto al Consejo Nacional de Investigaciones Cient\u00edficas y T\u00e9cnicas (Conicet) y espec\u00edficamente el Grupo GEA se propuso llevar adelante una colaboraci\u00f3n entre los organismos y planificar encuentros de intercambio de saberes entre organismos acerca de las investigaciones que se aplican en cuanto al ordenamiento territorial y la situaci\u00f3n de las cuencas h\u00eddricas en la provincia.<\/p>\n\n\n\n<p>Esta iniciativa facilitar\u00e1 la articulaci\u00f3n y transferencia de informaci\u00f3n entre el sector cient\u00edfico y el Gobierno provincial, que busca actualizar el esquema conceptual, renovar las fuentes de datos, generar una nueva informaci\u00f3n cartogr\u00e1fica identificando dos dimensiones centrales: los territorios proveedores de agua y la expansi\u00f3n urbana.<\/p>\n\n\n\n<p>\u00bf Por qu\u00e9 es importante tener un ordenamiento territorial actualizado?<\/p>\n\n\n\n<p>Un ordenamiento territorial actualizado permite planificar y regular el desarrollo de un territorio de forma sostenible, con el objetivo de mejorar la calidad de vida de la poblaci\u00f3n.<\/p>\n\n\n\n<p>El ordenamiento territorial tiene como objetivos fomentar la integraci\u00f3n social, proteger los recursos naturales y culturales, promover un desarrollo urbano sostenible, garantizar la calidad de vida de los habitantes, preservar los recursos naturales y culturales, concertar pol\u00edticas p\u00fablicas entre la Naci\u00f3n y las entidades territoriales y reconocer la diversidad geogr\u00e1fica, hist\u00f3rica, econ\u00f3mica, ambiental, \u00e9tnica y cultural.<\/p>\n\n\n\n<p>El ordenamiento territorial se basa en la visi\u00f3n te\u00f3rica del h\u00e1bitat y del desarrollo territorial sostenible. A partir de los objetivos del modelo, se definen los criterios generales y espec\u00edficos para la consecuci\u00f3n de un h\u00e1bitat humano adecuado.<\/p>\n","protected":false},"excerpt":{"rendered":"<p>Integrantes de la secretar\u00eda de Ambiente y Desarrollo Sustentable mantuvieron un encuentro con autoridades municipales para presentar sus propuestas y conocer el estado de avance en la materia. Balde, junto al Gobierno Provincial, quiere actualizarse para planificar el desarrollo de su territorio.El secretario de Ambiente, Federico Cacace, y el director de Gesti\u00f3n Ambiental y Vinculaci\u00f3n, [&hellip;]<\/p>\n","protected":false},"author":1,"featured_media":3417,"comment_status":"open","ping_status":"open","sticky":false,"template":"","format":"standard","meta":{"footnotes":""},"categories":[382,12],"tags":[],"class_list":["post-3416","post","type-post","status-publish","format-standard","has-post-thumbnail","hentry","category-balde","category-pueyrredon"],"_links":{"self":[{"href":"https:\/\/vecinosdelinterior.com\/index.php\/wp-json\/wp\/v2\/posts\/3416","targetHints":{"allow":["GET"]}}],"collection":[{"href":"https:\/\/vecinosdelinterior.com\/index.php\/wp-json\/wp\/v2\/posts"}],"about":[{"href":"https:\/\/vecinosdelinterior.com\/index.php\/wp-json\/wp\/v2\/types\/post"}],"author":[{"embeddable":true,"href":"https:\/\/vecinosdelinterior.com\/index.php\/wp-json\/wp\/v2\/users\/1"}],"replies":[{"embeddable":true,"href":"https:\/\/vecinosdelinterior.com\/index.php\/wp-json\/wp\/v2\/comments?post=3416"}],"version-history":[{"count":1,"href":"https:\/\/vecinosdelinterior.com\/index.php\/wp-json\/wp\/v2\/posts\/3416\/revisions"}],"predecessor-version":[{"id":3418,"href":"https:\/\/vecinosdelinterior.com\/index.php\/wp-json\/wp\/v2\/posts\/3416\/revisions\/3418"}],"wp:featuredmedia":[{"embeddable":true,"href":"https:\/\/vecinosdelinterior.com\/index.php\/wp-json\/wp\/v2\/media\/3417"}],"wp:attachment":[{"href":"https:\/\/vecinosdelinterior.com\/index.php\/wp-json\/wp\/v2\/media?parent=3416"}],"wp:term":[{"taxonomy":"category","embeddable":true,"href":"https:\/\/vecinosdelinterior.com\/index.php\/wp-json\/wp\/v2\/categories?post=3416"},{"taxonomy":"post_tag","embeddable":true,"href":"https:\/\/vecinosdelinterior.com\/index.php\/wp-json\/wp\/v2\/tags?post=3416"}],"curies":[{"name":"wp","href":"https:\/\/api.w.org\/{rel}","templated":true}]}}