{"id":3422,"date":"2025-01-13T09:57:00","date_gmt":"2025-01-13T12:57:00","guid":{"rendered":"https:\/\/vecinosdelinterior.com\/?p=3422"},"modified":"2025-01-13T10:04:19","modified_gmt":"2025-01-13T13:04:19","slug":"cuenta-regresiva-para-la-llegada-de-la-2-edicion-del-sprint-trail-nocturno","status":"publish","type":"post","link":"https:\/\/vecinosdelinterior.com\/index.php\/2025\/01\/13\/cuenta-regresiva-para-la-llegada-de-la-2-edicion-del-sprint-trail-nocturno\/","title":{"rendered":"Cuenta regresiva para la llegada de la 2\u00b0 edici\u00f3n del Sprint Trail Nocturno"},"content":{"rendered":"\n<p><\/p>\n\n\n\n<p>La Villa de Merlo se prepara para ofrecer nuevamente una experiencia inigualable de trail running en paisajes \u00fanicos. El evento deportivo se llevar\u00e1 a cabo el 18 de enero y promete ser una noche inolvidable para corredores y amantes del deporte al aire libre.<\/p>\n\n\n\n<p>Organizado por la secretar\u00eda de Gobierno y Deportes del municipio de la Villa de Merlo, el Sprint Trail Nocturno regresa con su segunda edici\u00f3n para desafiar a los corredores en circuitos de 18K, 12K y 6K bajo las estrellas. Las inscripciones est\u00e1n abiertas y disponibles a trav\u00e9s del siguiente enlace: Inscripciones.<\/p>\n\n\n\n<figure class=\"wp-block-gallery has-nested-images columns-default is-cropped wp-block-gallery-1 is-layout-flex wp-block-gallery-is-layout-flex\">\n<figure class=\"wp-block-image size-large\"><img fetchpriority=\"high\" decoding=\"async\" width=\"819\" height=\"1024\" data-id=\"3424\" src=\"https:\/\/vecinosdelinterior.com\/wp-content\/uploads\/2025\/01\/WhatsApp-Image-2025-01-09-at-19.09.41-scaled-1-819x1024.jpeg\" alt=\"\" class=\"wp-image-3424\" srcset=\"https:\/\/vecinosdelinterior.com\/wp-content\/uploads\/2025\/01\/WhatsApp-Image-2025-01-09-at-19.09.41-scaled-1-819x1024.jpeg 819w, https:\/\/vecinosdelinterior.com\/wp-content\/uploads\/2025\/01\/WhatsApp-Image-2025-01-09-at-19.09.41-scaled-1-240x300.jpeg 240w, https:\/\/vecinosdelinterior.com\/wp-content\/uploads\/2025\/01\/WhatsApp-Image-2025-01-09-at-19.09.41-scaled-1-768x960.jpeg 768w, https:\/\/vecinosdelinterior.com\/wp-content\/uploads\/2025\/01\/WhatsApp-Image-2025-01-09-at-19.09.41-scaled-1-1229x1536.jpeg 1229w, https:\/\/vecinosdelinterior.com\/wp-content\/uploads\/2025\/01\/WhatsApp-Image-2025-01-09-at-19.09.41-scaled-1-1638x2048.jpeg 1638w, https:\/\/vecinosdelinterior.com\/wp-content\/uploads\/2025\/01\/WhatsApp-Image-2025-01-09-at-19.09.41-scaled-1-750x938.jpeg 750w, https:\/\/vecinosdelinterior.com\/wp-content\/uploads\/2025\/01\/WhatsApp-Image-2025-01-09-at-19.09.41-scaled-1-1140x1425.jpeg 1140w, https:\/\/vecinosdelinterior.com\/wp-content\/uploads\/2025\/01\/WhatsApp-Image-2025-01-09-at-19.09.41-scaled-1.jpeg 2048w\" sizes=\"(max-width: 819px) 100vw, 819px\" \/><\/figure>\n\n\n\n<figure class=\"wp-block-image size-large\"><img decoding=\"async\" width=\"819\" height=\"1024\" data-id=\"3425\" src=\"https:\/\/vecinosdelinterior.com\/wp-content\/uploads\/2025\/01\/WhatsApp-Image-2025-01-09-at-19.09.411-scaled-1-819x1024.jpeg\" alt=\"\" class=\"wp-image-3425\" srcset=\"https:\/\/vecinosdelinterior.com\/wp-content\/uploads\/2025\/01\/WhatsApp-Image-2025-01-09-at-19.09.411-scaled-1-819x1024.jpeg 819w, https:\/\/vecinosdelinterior.com\/wp-content\/uploads\/2025\/01\/WhatsApp-Image-2025-01-09-at-19.09.411-scaled-1-240x300.jpeg 240w, https:\/\/vecinosdelinterior.com\/wp-content\/uploads\/2025\/01\/WhatsApp-Image-2025-01-09-at-19.09.411-scaled-1-768x960.jpeg 768w, https:\/\/vecinosdelinterior.com\/wp-content\/uploads\/2025\/01\/WhatsApp-Image-2025-01-09-at-19.09.411-scaled-1-1229x1536.jpeg 1229w, https:\/\/vecinosdelinterior.com\/wp-content\/uploads\/2025\/01\/WhatsApp-Image-2025-01-09-at-19.09.411-scaled-1-1638x2048.jpeg 1638w, https:\/\/vecinosdelinterior.com\/wp-content\/uploads\/2025\/01\/WhatsApp-Image-2025-01-09-at-19.09.411-scaled-1-750x938.jpeg 750w, https:\/\/vecinosdelinterior.com\/wp-content\/uploads\/2025\/01\/WhatsApp-Image-2025-01-09-at-19.09.411-scaled-1-1140x1425.jpeg 1140w, https:\/\/vecinosdelinterior.com\/wp-content\/uploads\/2025\/01\/WhatsApp-Image-2025-01-09-at-19.09.411-scaled-1.jpeg 2048w\" sizes=\"(max-width: 819px) 100vw, 819px\" \/><\/figure>\n\n\n\n<figure class=\"wp-block-image size-large\"><img decoding=\"async\" width=\"819\" height=\"1024\" data-id=\"3423\" src=\"https:\/\/vecinosdelinterior.com\/wp-content\/uploads\/2025\/01\/WhatsApp-Image-2025-01-09-at-19.09.251-819x1024.jpeg\" alt=\"\" class=\"wp-image-3423\" srcset=\"https:\/\/vecinosdelinterior.com\/wp-content\/uploads\/2025\/01\/WhatsApp-Image-2025-01-09-at-19.09.251-819x1024.jpeg 819w, https:\/\/vecinosdelinterior.com\/wp-content\/uploads\/2025\/01\/WhatsApp-Image-2025-01-09-at-19.09.251-240x300.jpeg 240w, https:\/\/vecinosdelinterior.com\/wp-content\/uploads\/2025\/01\/WhatsApp-Image-2025-01-09-at-19.09.251-768x960.jpeg 768w, https:\/\/vecinosdelinterior.com\/wp-content\/uploads\/2025\/01\/WhatsApp-Image-2025-01-09-at-19.09.251-750x937.jpeg 750w, https:\/\/vecinosdelinterior.com\/wp-content\/uploads\/2025\/01\/WhatsApp-Image-2025-01-09-at-19.09.251.jpeg 1126w\" sizes=\"(max-width: 819px) 100vw, 819px\" \/><\/figure>\n<\/figure>\n\n\n\n<p>Cronograma \u2013 18 de enero<\/p>\n\n\n\n<p>\u2013 14:00 a 18:00. Acreditaciones en el Camping Municipal.<\/p>\n\n\n\n<p>\u2013 20:30. Largada de las distancias 18K, 12K y 6K.<\/p>\n\n\n\n<p>\u2013 23:00. Premiaci\u00f3n.<\/p>\n\n\n\n<p>Con la inscripci\u00f3n se incluye el kit de acreditaci\u00f3n (gel energ\u00e9tico, calcoman\u00eda, bebida isot\u00f3nica, entre otros); seguro de carrera, dorsal y cronometraje; puestos de hidrataci\u00f3n durante el recorrido; medalla y regalo al finalizar; fotograf\u00edas digitales del evento y acceso al tercer tiempo, que incluye una fiesta y un voucher de cena.<\/p>\n\n\n\n<p>Se solicita a los participantes llegar puntualmente para completar las acreditaciones, recibir su kit y estar informados antes del inicio. Tambi\u00e9n se deber\u00e1 asistir con los elementos obligatorios: hidrataci\u00f3n personal y linterna frontal o de mano.<\/p>\n\n\n\n<p>Tambi\u00e9n se ofrecen premios especiales para equipos. Los equipos con mayor cantidad de participantes ser\u00e1n premiados, ya que por cada 10 inscriptos en conjunto, uno corre gratis.<\/p>\n\n\n\n<p>La organizaci\u00f3n convoca a disfrutar de esta emocionante competencia nocturna con amigos, familia o grupo de entrenamiento y vivir una experiencia deportiva \u00fanica en la Villa de Merlo.<\/p>\n","protected":false},"excerpt":{"rendered":"<p>La Villa de Merlo se prepara para ofrecer nuevamente una experiencia inigualable de trail running en paisajes \u00fanicos. El evento deportivo se llevar\u00e1 a cabo el 18 de enero y promete ser una noche inolvidable para corredores y amantes del deporte al aire libre. Organizado por la secretar\u00eda de Gobierno y Deportes del municipio de [&hellip;]<\/p>\n","protected":false},"author":1,"featured_media":3424,"comment_status":"open","ping_status":"open","sticky":false,"template":"","format":"standard","meta":{"footnotes":""},"categories":[1,23,73],"tags":[],"class_list":["post-3422","post","type-post","status-publish","format-standard","has-post-thumbnail","hentry","category-blog","category-junin","category-merlo"],"_links":{"self":[{"href":"https:\/\/vecinosdelinterior.com\/index.php\/wp-json\/wp\/v2\/posts\/3422","targetHints":{"allow":["GET"]}}],"collection":[{"href":"https:\/\/vecinosdelinterior.com\/index.php\/wp-json\/wp\/v2\/posts"}],"about":[{"href":"https:\/\/vecinosdelinterior.com\/index.php\/wp-json\/wp\/v2\/types\/post"}],"author":[{"embeddable":true,"href":"https:\/\/vecinosdelinterior.com\/index.php\/wp-json\/wp\/v2\/users\/1"}],"replies":[{"embeddable":true,"href":"https:\/\/vecinosdelinterior.com\/index.php\/wp-json\/wp\/v2\/comments?post=3422"}],"version-history":[{"count":1,"href":"https:\/\/vecinosdelinterior.com\/index.php\/wp-json\/wp\/v2\/posts\/3422\/revisions"}],"predecessor-version":[{"id":3426,"href":"https:\/\/vecinosdelinterior.com\/index.php\/wp-json\/wp\/v2\/posts\/3422\/revisions\/3426"}],"wp:featuredmedia":[{"embeddable":true,"href":"https:\/\/vecinosdelinterior.com\/index.php\/wp-json\/wp\/v2\/media\/3424"}],"wp:attachment":[{"href":"https:\/\/vecinosdelinterior.com\/index.php\/wp-json\/wp\/v2\/media?parent=3422"}],"wp:term":[{"taxonomy":"category","embeddable":true,"href":"https:\/\/vecinosdelinterior.com\/index.php\/wp-json\/wp\/v2\/categories?post=3422"},{"taxonomy":"post_tag","embeddable":true,"href":"https:\/\/vecinosdelinterior.com\/index.php\/wp-json\/wp\/v2\/tags?post=3422"}],"curies":[{"name":"wp","href":"https:\/\/api.w.org\/{rel}","templated":true}]}}