{"id":3464,"date":"2025-01-16T13:40:00","date_gmt":"2025-01-16T16:40:00","guid":{"rendered":"https:\/\/vecinosdelinterior.com\/?p=3464"},"modified":"2025-01-16T13:50:54","modified_gmt":"2025-01-16T16:50:54","slug":"naschel-presento-su-nueva-sala-de-monitoreo-que-refuerza-la-seguridad-en-el-pueblo","status":"publish","type":"post","link":"https:\/\/vecinosdelinterior.com\/index.php\/2025\/01\/16\/naschel-presento-su-nueva-sala-de-monitoreo-que-refuerza-la-seguridad-en-el-pueblo\/","title":{"rendered":"Naschel present\u00f3 su nueva sala de monitoreo que refuerza la seguridad en el pueblo"},"content":{"rendered":"\n<p><\/p>\n\n\n\n<p>Fue construida a partir del convenio Gobierno-Municipio para actuar como complemento de las tareas de prevenci\u00f3n de la polic\u00eda local. Desde all\u00ed, los operadores tendr\u00e1n acceso a m\u00e1s de 40 c\u00e1maras distribuidas estrat\u00e9gicamente por todo el pueblo. El gobernador Claudio Poggi recorri\u00f3 el espacio junto con la intendenta, Valeria Kuhn.<\/p>\n\n\n\n<p>La lucha contra la inseguridad es uno de los pilares fundamentales que se propuso el gobernador Claudio Poggi al asumir su cargo al frente del Ejecutivo. Continuando ese ejemplo, numerosos municipios de la provincia han adoptado como propia esa misi\u00f3n, impulsando iniciativas que refuerzan la seguridad al interior de sus comunidades. En el caso de Naschel, la intendenta, Valeria Kuhn, decidi\u00f3 usar parte de los fondos de \u2018Construyendo con tu Pueblo\u2019 para construir una sala de monitoreo municipal que fue inaugurada este mi\u00e9rcoles, en compa\u00f1\u00eda del propio Gobernador.<\/p>\n\n\n\n<p>El sal\u00f3n, ubicado en la sede comunal, est\u00e1 conectada a 40 c\u00e1maras de seguridad ubicadas estrat\u00e9gicamente en nueve nodos, de modo que permite observar los puntos neur\u00e1lgicos del pueblo. Esto facilitar\u00e1 las tareas de prevenci\u00f3n a la polic\u00eda local ya que pueden entrar en acci\u00f3n r\u00e1pidamente cuando surja una situaci\u00f3n que as\u00ed lo amerite.<\/p>\n","protected":false},"excerpt":{"rendered":"<p>Fue construida a partir del convenio Gobierno-Municipio para actuar como complemento de las tareas de prevenci\u00f3n de la polic\u00eda local. Desde all\u00ed, los operadores tendr\u00e1n acceso a m\u00e1s de 40 c\u00e1maras distribuidas estrat\u00e9gicamente por todo el pueblo. El gobernador Claudio Poggi recorri\u00f3 el espacio junto con la intendenta, Valeria Kuhn. La lucha contra la inseguridad [&hellip;]<\/p>\n","protected":false},"author":1,"featured_media":3465,"comment_status":"open","ping_status":"open","sticky":false,"template":"","format":"standard","meta":{"footnotes":""},"categories":[29,91],"tags":[],"class_list":["post-3464","post","type-post","status-publish","format-standard","has-post-thumbnail","hentry","category-chacabuco","category-naschel"],"_links":{"self":[{"href":"https:\/\/vecinosdelinterior.com\/index.php\/wp-json\/wp\/v2\/posts\/3464","targetHints":{"allow":["GET"]}}],"collection":[{"href":"https:\/\/vecinosdelinterior.com\/index.php\/wp-json\/wp\/v2\/posts"}],"about":[{"href":"https:\/\/vecinosdelinterior.com\/index.php\/wp-json\/wp\/v2\/types\/post"}],"author":[{"embeddable":true,"href":"https:\/\/vecinosdelinterior.com\/index.php\/wp-json\/wp\/v2\/users\/1"}],"replies":[{"embeddable":true,"href":"https:\/\/vecinosdelinterior.com\/index.php\/wp-json\/wp\/v2\/comments?post=3464"}],"version-history":[{"count":1,"href":"https:\/\/vecinosdelinterior.com\/index.php\/wp-json\/wp\/v2\/posts\/3464\/revisions"}],"predecessor-version":[{"id":3466,"href":"https:\/\/vecinosdelinterior.com\/index.php\/wp-json\/wp\/v2\/posts\/3464\/revisions\/3466"}],"wp:featuredmedia":[{"embeddable":true,"href":"https:\/\/vecinosdelinterior.com\/index.php\/wp-json\/wp\/v2\/media\/3465"}],"wp:attachment":[{"href":"https:\/\/vecinosdelinterior.com\/index.php\/wp-json\/wp\/v2\/media?parent=3464"}],"wp:term":[{"taxonomy":"category","embeddable":true,"href":"https:\/\/vecinosdelinterior.com\/index.php\/wp-json\/wp\/v2\/categories?post=3464"},{"taxonomy":"post_tag","embeddable":true,"href":"https:\/\/vecinosdelinterior.com\/index.php\/wp-json\/wp\/v2\/tags?post=3464"}],"curies":[{"name":"wp","href":"https:\/\/api.w.org\/{rel}","templated":true}]}}