{"id":3467,"date":"2025-01-16T14:10:36","date_gmt":"2025-01-16T17:10:36","guid":{"rendered":"https:\/\/vecinosdelinterior.com\/?p=3467"},"modified":"2025-01-16T14:10:36","modified_gmt":"2025-01-16T17:10:36","slug":"gran-encuentro-nocturno-de-jineteada-y-folclore-en-buena-esperanza","status":"publish","type":"post","link":"https:\/\/vecinosdelinterior.com\/index.php\/2025\/01\/16\/gran-encuentro-nocturno-de-jineteada-y-folclore-en-buena-esperanza\/","title":{"rendered":"Gran encuentro nocturno de jineteada y folclore en Buena Esperanza"},"content":{"rendered":"\n<p>VECINOSDELINTERIOR \/ 16 DE ENERO<br>Un evento con gran tradici\u00f3n y mucho folclore se realizar\u00e1 este pr\u00f3ximo 8 de febrero, a partir de las 15 horas, en el campo de doma de Buena Esperanza.<br>Jinetes de ley, artistas de primera y un espect\u00e1culo que promete quedar en el recuerdo de todos los paisanos.<\/p>\n\n\n\n<p><br>GRILLA DE ACTIVIDADES<\/p>\n\n\n\n<p>15:00 HS SE ABREN LAS TRANQUERAS AL P\u00daBLICO (PARA PUESTOS Y P\u00daBLICO EN GENERAL).<\/p>\n\n\n\n<p>17:00 HS PRESENTACI\u00d3N E IZAMIENTO DE BANDERA NACIONAL.<br><br>17:30 HS BROCHE DE ORO CON 10 PETISOS Y JINETE POR INVITACI\u00d3N.<\/p>\n\n\n\n<p>18:30 HS 25 MONTAS EN BASTOS CON ENCIMERA 25 MONTAS EN GRUPA.<\/p>\n\n\n\n<p>21:00 HS- 3 MONTAS ESPECIALES <\/p>\n\n\n\n<p><br>\ud83d\udd35CATEGOR\u00cdA CUERO TENDIDO: JEREM\u00cdAS MOYANO VS \u00abLA SECRETAR\u00cdA\u00bb DE SEBASTI\u00c1N P\u00c9REZ.<br>\ud83d\udd35CATEGOR\u00cdA BASTOS CON ENCIMERA: MAXI GUEVARA VS \u00abLA MU\u00d1ECA\u00bb DE PABLO PALACIOS.<br>\ud83d\udd35CATEGOR\u00cdA GRUPA: BRAIAN MORMONT VS \u00abEL SAPO\u00bb DE FUNES<br>Folclore y camarader\u00eda gaucha te esperan para celebrar juntos lo que somos. Venite con la familia y los amigos, que la fiesta est\u00e1 en Buena Esperanza.<br><\/p>\n\n\n\n<figure class=\"wp-block-gallery has-nested-images columns-default is-cropped wp-block-gallery-1 is-layout-flex wp-block-gallery-is-layout-flex\">\n<figure class=\"wp-block-image size-large\"><img fetchpriority=\"high\" decoding=\"async\" width=\"1024\" height=\"1024\" data-id=\"3470\" src=\"https:\/\/vecinosdelinterior.com\/wp-content\/uploads\/2025\/01\/473739704_122194797866146161_6359821537866915577_n-1024x1024.jpg\" alt=\"\" class=\"wp-image-3470\" srcset=\"https:\/\/vecinosdelinterior.com\/wp-content\/uploads\/2025\/01\/473739704_122194797866146161_6359821537866915577_n-1024x1024.jpg 1024w, https:\/\/vecinosdelinterior.com\/wp-content\/uploads\/2025\/01\/473739704_122194797866146161_6359821537866915577_n-300x300.jpg 300w, https:\/\/vecinosdelinterior.com\/wp-content\/uploads\/2025\/01\/473739704_122194797866146161_6359821537866915577_n-150x150.jpg 150w, https:\/\/vecinosdelinterior.com\/wp-content\/uploads\/2025\/01\/473739704_122194797866146161_6359821537866915577_n-768x768.jpg 768w, https:\/\/vecinosdelinterior.com\/wp-content\/uploads\/2025\/01\/473739704_122194797866146161_6359821537866915577_n-75x75.jpg 75w, https:\/\/vecinosdelinterior.com\/wp-content\/uploads\/2025\/01\/473739704_122194797866146161_6359821537866915577_n-750x750.jpg 750w, https:\/\/vecinosdelinterior.com\/wp-content\/uploads\/2025\/01\/473739704_122194797866146161_6359821537866915577_n.jpg 1080w\" sizes=\"(max-width: 1024px) 100vw, 1024px\" \/><\/figure>\n\n\n\n<figure class=\"wp-block-image size-large\"><img decoding=\"async\" width=\"1024\" height=\"1024\" data-id=\"3468\" src=\"https:\/\/vecinosdelinterior.com\/wp-content\/uploads\/2025\/01\/472802583_122194797884146161_1910313146028576757_n-1024x1024.jpg\" alt=\"\" class=\"wp-image-3468\" srcset=\"https:\/\/vecinosdelinterior.com\/wp-content\/uploads\/2025\/01\/472802583_122194797884146161_1910313146028576757_n-1024x1024.jpg 1024w, https:\/\/vecinosdelinterior.com\/wp-content\/uploads\/2025\/01\/472802583_122194797884146161_1910313146028576757_n-300x300.jpg 300w, https:\/\/vecinosdelinterior.com\/wp-content\/uploads\/2025\/01\/472802583_122194797884146161_1910313146028576757_n-150x150.jpg 150w, https:\/\/vecinosdelinterior.com\/wp-content\/uploads\/2025\/01\/472802583_122194797884146161_1910313146028576757_n-768x768.jpg 768w, https:\/\/vecinosdelinterior.com\/wp-content\/uploads\/2025\/01\/472802583_122194797884146161_1910313146028576757_n-75x75.jpg 75w, https:\/\/vecinosdelinterior.com\/wp-content\/uploads\/2025\/01\/472802583_122194797884146161_1910313146028576757_n-750x750.jpg 750w, https:\/\/vecinosdelinterior.com\/wp-content\/uploads\/2025\/01\/472802583_122194797884146161_1910313146028576757_n.jpg 1080w\" sizes=\"(max-width: 1024px) 100vw, 1024px\" \/><\/figure>\n<\/figure>\n\n\n\n<figure class=\"wp-block-image size-large\"><img decoding=\"async\" width=\"1024\" height=\"1024\" src=\"https:\/\/vecinosdelinterior.com\/wp-content\/uploads\/2025\/01\/473619346_122194797908146161_2854358309022793169_n-1024x1024.jpg\" alt=\"\" class=\"wp-image-3469\" srcset=\"https:\/\/vecinosdelinterior.com\/wp-content\/uploads\/2025\/01\/473619346_122194797908146161_2854358309022793169_n-1024x1024.jpg 1024w, https:\/\/vecinosdelinterior.com\/wp-content\/uploads\/2025\/01\/473619346_122194797908146161_2854358309022793169_n-300x300.jpg 300w, https:\/\/vecinosdelinterior.com\/wp-content\/uploads\/2025\/01\/473619346_122194797908146161_2854358309022793169_n-150x150.jpg 150w, https:\/\/vecinosdelinterior.com\/wp-content\/uploads\/2025\/01\/473619346_122194797908146161_2854358309022793169_n-768x768.jpg 768w, https:\/\/vecinosdelinterior.com\/wp-content\/uploads\/2025\/01\/473619346_122194797908146161_2854358309022793169_n-75x75.jpg 75w, https:\/\/vecinosdelinterior.com\/wp-content\/uploads\/2025\/01\/473619346_122194797908146161_2854358309022793169_n-750x750.jpg 750w, https:\/\/vecinosdelinterior.com\/wp-content\/uploads\/2025\/01\/473619346_122194797908146161_2854358309022793169_n.jpg 1080w\" sizes=\"(max-width: 1024px) 100vw, 1024px\" \/><\/figure>\n","protected":false},"excerpt":{"rendered":"<p>VECINOSDELINTERIOR \/ 16 DE ENEROUn evento con gran tradici\u00f3n y mucho folclore se realizar\u00e1 este pr\u00f3ximo 8 de febrero, a partir de las 15 horas, en el campo de doma de Buena Esperanza.Jinetes de ley, artistas de primera y un espect\u00e1culo que promete quedar en el recuerdo de todos los paisanos. GRILLA DE ACTIVIDADES 15:00 [&hellip;]<\/p>\n","protected":false},"author":1,"featured_media":3470,"comment_status":"open","ping_status":"open","sticky":false,"template":"","format":"standard","meta":{"footnotes":""},"categories":[18,16],"tags":[391,177,175],"class_list":["post-3467","post","type-post","status-publish","format-standard","has-post-thumbnail","hentry","category-buena-esperanza-dupuy","category-dupuy","tag-eventos","tag-gestiones-destacadas","tag-turismo"],"_links":{"self":[{"href":"https:\/\/vecinosdelinterior.com\/index.php\/wp-json\/wp\/v2\/posts\/3467","targetHints":{"allow":["GET"]}}],"collection":[{"href":"https:\/\/vecinosdelinterior.com\/index.php\/wp-json\/wp\/v2\/posts"}],"about":[{"href":"https:\/\/vecinosdelinterior.com\/index.php\/wp-json\/wp\/v2\/types\/post"}],"author":[{"embeddable":true,"href":"https:\/\/vecinosdelinterior.com\/index.php\/wp-json\/wp\/v2\/users\/1"}],"replies":[{"embeddable":true,"href":"https:\/\/vecinosdelinterior.com\/index.php\/wp-json\/wp\/v2\/comments?post=3467"}],"version-history":[{"count":1,"href":"https:\/\/vecinosdelinterior.com\/index.php\/wp-json\/wp\/v2\/posts\/3467\/revisions"}],"predecessor-version":[{"id":3471,"href":"https:\/\/vecinosdelinterior.com\/index.php\/wp-json\/wp\/v2\/posts\/3467\/revisions\/3471"}],"wp:featuredmedia":[{"embeddable":true,"href":"https:\/\/vecinosdelinterior.com\/index.php\/wp-json\/wp\/v2\/media\/3470"}],"wp:attachment":[{"href":"https:\/\/vecinosdelinterior.com\/index.php\/wp-json\/wp\/v2\/media?parent=3467"}],"wp:term":[{"taxonomy":"category","embeddable":true,"href":"https:\/\/vecinosdelinterior.com\/index.php\/wp-json\/wp\/v2\/categories?post=3467"},{"taxonomy":"post_tag","embeddable":true,"href":"https:\/\/vecinosdelinterior.com\/index.php\/wp-json\/wp\/v2\/tags?post=3467"}],"curies":[{"name":"wp","href":"https:\/\/api.w.org\/{rel}","templated":true}]}}