{"id":3481,"date":"2025-01-17T14:44:27","date_gmt":"2025-01-17T17:44:27","guid":{"rendered":"https:\/\/vecinosdelinterior.com\/?p=3481"},"modified":"2025-01-17T14:44:28","modified_gmt":"2025-01-17T17:44:28","slug":"el-dique-y-el-camping-san-felipe-totalmente-abandonados","status":"publish","type":"post","link":"https:\/\/vecinosdelinterior.com\/index.php\/2025\/01\/17\/el-dique-y-el-camping-san-felipe-totalmente-abandonados\/","title":{"rendered":"El dique y el camping San Felipe, totalmente abandonados"},"content":{"rendered":"\n<p><\/p>\n\n\n\n<p><a href=\"https:\/\/vecinosdelinterior.com\/?fbclid=IwZXh0bgNhZW0CMTAAAR3xaqfSEiDKmFeJIEyfrjqouyky6-A62Hz3WM4n8yJHOiwtoFnro9kyYW8_aem_unDTqrwXF_SFsOwVrbjrDA\" rel=\"noreferrer noopener\" target=\"_blank\">vecinosdelinterior.com<\/a> \/ 17 de enero<\/p>\n\n\n\n<p>Un vecino e integrante de un Club de Pesca dej\u00f3 en evidencia el estado de abandono total que presenta el Camping y el Dique San Felipe, algo que deber\u00eda ser tenido en cuenta por la actual gesti\u00f3n, no solo por el reservorio de agua que implica, sino por todo lo que representa en turismo para la regi\u00f3n.<\/p>\n\n\n\n<p>Sin <a><\/a>embargo, parece que no es parte de las prioridades del Gobierno quien destina onerosos presupuesto en el programa Conexi\u00f3n San Luis, el cu\u00e1l apunta a fomentar el turismo de la provincia.<\/p>\n\n\n\n<p>Ante la consulta por parte de un periodista al gobernador en su visita al Departamento recientemente, contest\u00f3: \u00ablo tomo, no sab\u00eda del tema\u00bb.<\/p>\n\n\n\n<p><a href=\"https:\/\/www.facebook.com\/vecinosdelinterior\/videos\/491313143984899\">https:\/\/www.facebook.com\/vecinosdelinterior\/videos\/491313143984899<\/a><\/p>\n","protected":false},"excerpt":{"rendered":"<p>vecinosdelinterior.com \/ 17 de enero Un vecino e integrante de un Club de Pesca dej\u00f3 en evidencia el estado de abandono total que presenta el Camping y el Dique San Felipe, algo que deber\u00eda ser tenido en cuenta por la actual gesti\u00f3n, no solo por el reservorio de agua que implica, sino por todo lo [&hellip;]<\/p>\n","protected":false},"author":1,"featured_media":3482,"comment_status":"open","ping_status":"open","sticky":false,"template":"","format":"standard","meta":{"footnotes":""},"categories":[1],"tags":[250],"class_list":["post-3481","post","type-post","status-publish","format-standard","has-post-thumbnail","hentry","category-blog","tag-dique-san-felipe"],"_links":{"self":[{"href":"https:\/\/vecinosdelinterior.com\/index.php\/wp-json\/wp\/v2\/posts\/3481","targetHints":{"allow":["GET"]}}],"collection":[{"href":"https:\/\/vecinosdelinterior.com\/index.php\/wp-json\/wp\/v2\/posts"}],"about":[{"href":"https:\/\/vecinosdelinterior.com\/index.php\/wp-json\/wp\/v2\/types\/post"}],"author":[{"embeddable":true,"href":"https:\/\/vecinosdelinterior.com\/index.php\/wp-json\/wp\/v2\/users\/1"}],"replies":[{"embeddable":true,"href":"https:\/\/vecinosdelinterior.com\/index.php\/wp-json\/wp\/v2\/comments?post=3481"}],"version-history":[{"count":1,"href":"https:\/\/vecinosdelinterior.com\/index.php\/wp-json\/wp\/v2\/posts\/3481\/revisions"}],"predecessor-version":[{"id":3483,"href":"https:\/\/vecinosdelinterior.com\/index.php\/wp-json\/wp\/v2\/posts\/3481\/revisions\/3483"}],"wp:featuredmedia":[{"embeddable":true,"href":"https:\/\/vecinosdelinterior.com\/index.php\/wp-json\/wp\/v2\/media\/3482"}],"wp:attachment":[{"href":"https:\/\/vecinosdelinterior.com\/index.php\/wp-json\/wp\/v2\/media?parent=3481"}],"wp:term":[{"taxonomy":"category","embeddable":true,"href":"https:\/\/vecinosdelinterior.com\/index.php\/wp-json\/wp\/v2\/categories?post=3481"},{"taxonomy":"post_tag","embeddable":true,"href":"https:\/\/vecinosdelinterior.com\/index.php\/wp-json\/wp\/v2\/tags?post=3481"}],"curies":[{"name":"wp","href":"https:\/\/api.w.org\/{rel}","templated":true}]}}