{"id":3487,"date":"2025-01-18T10:16:21","date_gmt":"2025-01-18T13:16:21","guid":{"rendered":"https:\/\/vecinosdelinterior.com\/?p=3487"},"modified":"2025-01-18T10:16:21","modified_gmt":"2025-01-18T13:16:21","slug":"piden-prision-preventiva-para-un-hombre-por-intento-de-homicidio-contra-su-expareja-en-rio-grande","status":"publish","type":"post","link":"https:\/\/vecinosdelinterior.com\/index.php\/2025\/01\/18\/piden-prision-preventiva-para-un-hombre-por-intento-de-homicidio-contra-su-expareja-en-rio-grande\/","title":{"rendered":"Piden prisi\u00f3n preventiva para un hombre por intento de homicidio contra su expareja en R\u00edo Grande"},"content":{"rendered":"\n<p><\/p>\n\n\n\n<p>La Fiscal\u00eda de G\u00e9nero N\u00b0 1 de la Primera Circunscripci\u00f3n Judicial formul\u00f3 cargos este mi\u00e9rcoles contra un hombre acusado de tentativa de homicidio en perjuicio de su expareja y lesiones leves hacia la madre de la presunta v\u00edctima, tras un hecho ocurrido el 13 de enero en R\u00edo Grande.<\/p>\n\n\n\n<p>La audiencia se llev\u00f3 a cabo en la sala de oralidad de San Luis, donde la fiscal Antonella Romagnoli acus\u00f3 al imputado de homicidio triplemente agravado por el v\u00ednculo, por mediar violencia de g\u00e9nero y por el uso de arma de fuego en grado de tentativa, en concurso real con el delito de lesiones leves.<\/p>\n\n\n\n<p>Banner publicite aqui grupo ciudad<br>Durante la audiencia, la fiscal solicit\u00f3 prisi\u00f3n preventiva por 120 d\u00edas.<\/p>\n\n\n\n<p>Sin embargo, la Defensa, a cargo de los abogados Hugo Scarso y Gabriel Varela, pidi\u00f3 una pr\u00f3rroga constitucional de ocho d\u00edas para analizar la causa, solicitud que fue concedida por la jueza de Garant\u00eda en feria, Agustina Dopazo Samper. Por el momento, el imputado permanecer\u00e1 detenido en una sede policial.<\/p>\n\n\n\n<p><strong>Sobre el hecho<\/strong><\/p>\n\n\n\n<p>El 13 de enero, en las primeras horas del d\u00eda, la expareja del imputado fue atacada mientras sacaba la basura frente a su vivienda en R\u00edo Grande. Seg\u00fan la Fiscal\u00eda, el agresor la intercept\u00f3 y la agredi\u00f3 con golpes de pu\u00f1o y patadas, tras lo cual dispar\u00f3 dos veces con un arma de fuego. Ambos disparos impactaron en el suelo.<\/p>\n\n\n\n<p>La madre de la v\u00edctima sali\u00f3 de la vivienda en su auxilio, momento en el que el agresor efectu\u00f3 el segundo disparo.<\/p>\n\n\n\n<p>Tras la denuncia, se realizaron allanamientos que permitieron recolectar pruebas y culminaron en la detenci\u00f3n del acusado el 16 de enero. La investigaci\u00f3n avanza mientras se resuelve su situaci\u00f3n procesal.<\/p>\n","protected":false},"excerpt":{"rendered":"<p>La Fiscal\u00eda de G\u00e9nero N\u00b0 1 de la Primera Circunscripci\u00f3n Judicial formul\u00f3 cargos este mi\u00e9rcoles contra un hombre acusado de tentativa de homicidio en perjuicio de su expareja y lesiones leves hacia la madre de la presunta v\u00edctima, tras un hecho ocurrido el 13 de enero en R\u00edo Grande. La audiencia se llev\u00f3 a cabo [&hellip;]<\/p>\n","protected":false},"author":1,"featured_media":3488,"comment_status":"open","ping_status":"open","sticky":false,"template":"","format":"standard","meta":{"footnotes":""},"categories":[1],"tags":[],"class_list":["post-3487","post","type-post","status-publish","format-standard","has-post-thumbnail","hentry","category-blog"],"_links":{"self":[{"href":"https:\/\/vecinosdelinterior.com\/index.php\/wp-json\/wp\/v2\/posts\/3487","targetHints":{"allow":["GET"]}}],"collection":[{"href":"https:\/\/vecinosdelinterior.com\/index.php\/wp-json\/wp\/v2\/posts"}],"about":[{"href":"https:\/\/vecinosdelinterior.com\/index.php\/wp-json\/wp\/v2\/types\/post"}],"author":[{"embeddable":true,"href":"https:\/\/vecinosdelinterior.com\/index.php\/wp-json\/wp\/v2\/users\/1"}],"replies":[{"embeddable":true,"href":"https:\/\/vecinosdelinterior.com\/index.php\/wp-json\/wp\/v2\/comments?post=3487"}],"version-history":[{"count":1,"href":"https:\/\/vecinosdelinterior.com\/index.php\/wp-json\/wp\/v2\/posts\/3487\/revisions"}],"predecessor-version":[{"id":3489,"href":"https:\/\/vecinosdelinterior.com\/index.php\/wp-json\/wp\/v2\/posts\/3487\/revisions\/3489"}],"wp:featuredmedia":[{"embeddable":true,"href":"https:\/\/vecinosdelinterior.com\/index.php\/wp-json\/wp\/v2\/media\/3488"}],"wp:attachment":[{"href":"https:\/\/vecinosdelinterior.com\/index.php\/wp-json\/wp\/v2\/media?parent=3487"}],"wp:term":[{"taxonomy":"category","embeddable":true,"href":"https:\/\/vecinosdelinterior.com\/index.php\/wp-json\/wp\/v2\/categories?post=3487"},{"taxonomy":"post_tag","embeddable":true,"href":"https:\/\/vecinosdelinterior.com\/index.php\/wp-json\/wp\/v2\/tags?post=3487"}],"curies":[{"name":"wp","href":"https:\/\/api.w.org\/{rel}","templated":true}]}}