{"id":3497,"date":"2025-01-18T11:29:00","date_gmt":"2025-01-18T14:29:00","guid":{"rendered":"https:\/\/vecinosdelinterior.com\/?p=3497"},"modified":"2025-01-18T11:32:30","modified_gmt":"2025-01-18T14:32:30","slug":"concaran-se-viste-de-verde","status":"publish","type":"post","link":"https:\/\/vecinosdelinterior.com\/index.php\/2025\/01\/18\/concaran-se-viste-de-verde\/","title":{"rendered":"Concar\u00e1n se viste de verde"},"content":{"rendered":"\n<p>Concar\u00e1n es una de las localidades que apuesta fuertemente a un plan de forestaci\u00f3n que no solo embellezca la ciudad sino que tambi\u00e9n cuide el medioambiente.<br>Recientemente @ la Municipalidad de Concar\u00e1n adquiri\u00f3 la 2da compra de especies arb\u00f3reas que consisten en 70 S\u00f3foras Japonesas, 62 Fresnos Americanos y 15 Fotinias Rojas<br>.<br>Las mismas ser\u00e1n plantadas en pleno centro y se continuar\u00e1 con el plan de forestaci\u00f3n a lo largo de todo el a\u00f1o.<\/p>\n\n\n\n<figure class=\"wp-block-image size-full\"><img fetchpriority=\"high\" decoding=\"async\" width=\"526\" height=\"526\" src=\"https:\/\/vecinosdelinterior.com\/wp-content\/uploads\/2025\/01\/474198446_470821932735165_2872735261541183290_n.jpg\" alt=\"\" class=\"wp-image-3498\" srcset=\"https:\/\/vecinosdelinterior.com\/wp-content\/uploads\/2025\/01\/474198446_470821932735165_2872735261541183290_n.jpg 526w, https:\/\/vecinosdelinterior.com\/wp-content\/uploads\/2025\/01\/474198446_470821932735165_2872735261541183290_n-300x300.jpg 300w, https:\/\/vecinosdelinterior.com\/wp-content\/uploads\/2025\/01\/474198446_470821932735165_2872735261541183290_n-150x150.jpg 150w, https:\/\/vecinosdelinterior.com\/wp-content\/uploads\/2025\/01\/474198446_470821932735165_2872735261541183290_n-75x75.jpg 75w\" sizes=\"(max-width: 526px) 100vw, 526px\" \/><\/figure>\n","protected":false},"excerpt":{"rendered":"<p>Concar\u00e1n es una de las localidades que apuesta fuertemente a un plan de forestaci\u00f3n que no solo embellezca la ciudad sino que tambi\u00e9n cuide el medioambiente.Recientemente @ la Municipalidad de Concar\u00e1n adquiri\u00f3 la 2da compra de especies arb\u00f3reas que consisten en 70 S\u00f3foras Japonesas, 62 Fresnos Americanos y 15 Fotinias Rojas.Las mismas ser\u00e1n plantadas en [&hellip;]<\/p>\n","protected":false},"author":1,"featured_media":3498,"comment_status":"open","ping_status":"open","sticky":false,"template":"","format":"standard","meta":{"footnotes":""},"categories":[29,223],"tags":[176],"class_list":["post-3497","post","type-post","status-publish","format-standard","has-post-thumbnail","hentry","category-chacabuco","category-concaran","tag-medioambiente"],"_links":{"self":[{"href":"https:\/\/vecinosdelinterior.com\/index.php\/wp-json\/wp\/v2\/posts\/3497","targetHints":{"allow":["GET"]}}],"collection":[{"href":"https:\/\/vecinosdelinterior.com\/index.php\/wp-json\/wp\/v2\/posts"}],"about":[{"href":"https:\/\/vecinosdelinterior.com\/index.php\/wp-json\/wp\/v2\/types\/post"}],"author":[{"embeddable":true,"href":"https:\/\/vecinosdelinterior.com\/index.php\/wp-json\/wp\/v2\/users\/1"}],"replies":[{"embeddable":true,"href":"https:\/\/vecinosdelinterior.com\/index.php\/wp-json\/wp\/v2\/comments?post=3497"}],"version-history":[{"count":1,"href":"https:\/\/vecinosdelinterior.com\/index.php\/wp-json\/wp\/v2\/posts\/3497\/revisions"}],"predecessor-version":[{"id":3499,"href":"https:\/\/vecinosdelinterior.com\/index.php\/wp-json\/wp\/v2\/posts\/3497\/revisions\/3499"}],"wp:featuredmedia":[{"embeddable":true,"href":"https:\/\/vecinosdelinterior.com\/index.php\/wp-json\/wp\/v2\/media\/3498"}],"wp:attachment":[{"href":"https:\/\/vecinosdelinterior.com\/index.php\/wp-json\/wp\/v2\/media?parent=3497"}],"wp:term":[{"taxonomy":"category","embeddable":true,"href":"https:\/\/vecinosdelinterior.com\/index.php\/wp-json\/wp\/v2\/categories?post=3497"},{"taxonomy":"post_tag","embeddable":true,"href":"https:\/\/vecinosdelinterior.com\/index.php\/wp-json\/wp\/v2\/tags?post=3497"}],"curies":[{"name":"wp","href":"https:\/\/api.w.org\/{rel}","templated":true}]}}