{"id":3512,"date":"2025-01-21T11:20:00","date_gmt":"2025-01-21T14:20:00","guid":{"rendered":"https:\/\/vecinosdelinterior.com\/?p=3512"},"modified":"2025-01-21T11:31:37","modified_gmt":"2025-01-21T14:31:37","slug":"ate-merlo-denuncia-falta-de-medicos-en-el-centro-de-salud-de-villa-larca","status":"publish","type":"post","link":"https:\/\/vecinosdelinterior.com\/index.php\/2025\/01\/21\/ate-merlo-denuncia-falta-de-medicos-en-el-centro-de-salud-de-villa-larca\/","title":{"rendered":"ATE Merlo denuncia falta de m\u00e9dicos en el centro de salud de Villa Larca"},"content":{"rendered":"\n<p><\/p>\n\n\n\n<p>La Asociaci\u00f3n de Trabajadores del Estado (ATE) de Merlo San Luis denuncia falta de m\u00e9dicos en el Centro de Atenci\u00f3n Primaria de Salud de Villa Larca.<\/p>\n\n\n\n<p>Y cont\u00f3 que, aunque el establecimiento opera los siete d\u00edas de la semana, los fines de semana solo cuenta con personal de enfermer\u00eda, sin m\u00e9dicos disponibles, lo que limita la capacidad de respuesta y pone en riesgo a la comunidad local, turistas y visitantes.<\/p>\n\n\n\n<p><br>C\u00e9sar Contreras, secretario general de ATE Merlo, se\u00f1al\u00f3: \u201cAbrir un centro de Salud sin los recursos necesarios para garantizar atenci\u00f3n m\u00e9dica es enga\u00f1ar a la comunidad y pone en peligro a los pacientes. No podemos aceptar una medida que prioriza la apariencia sobre la calidad del servicio.\u201d<\/p>\n\n\n\n<p>El centro es el \u00fanico en la zona que abre durante los fines de semana, ya que los dem\u00e1s funcionan solo de lunes a viernes. Sin embargo, la falta de m\u00e9dicos y la ausencia de personal de seguridad hacen que esta apertura sea simb\u00f3lica y no resuelva las necesidades reales.<\/p>\n\n\n\n<p>Desde el gremio exigen la inmediata incorporaci\u00f3n de m\u00e9dicos al servicio de fines de semana y mejoras en las condiciones generales de atenci\u00f3n a la salud de los vecinos.<\/p>\n\n\n\n<p>Compart\u00ed en tus redes!<\/p>\n","protected":false},"excerpt":{"rendered":"<p>La Asociaci\u00f3n de Trabajadores del Estado (ATE) de Merlo San Luis denuncia falta de m\u00e9dicos en el Centro de Atenci\u00f3n Primaria de Salud de Villa Larca. Y cont\u00f3 que, aunque el establecimiento opera los siete d\u00edas de la semana, los fines de semana solo cuenta con personal de enfermer\u00eda, sin m\u00e9dicos disponibles, lo que limita [&hellip;]<\/p>\n","protected":false},"author":1,"featured_media":3513,"comment_status":"open","ping_status":"open","sticky":false,"template":"","format":"standard","meta":{"footnotes":""},"categories":[29,89],"tags":[],"class_list":["post-3512","post","type-post","status-publish","format-standard","has-post-thumbnail","hentry","category-chacabuco","category-villa-larca"],"_links":{"self":[{"href":"https:\/\/vecinosdelinterior.com\/index.php\/wp-json\/wp\/v2\/posts\/3512","targetHints":{"allow":["GET"]}}],"collection":[{"href":"https:\/\/vecinosdelinterior.com\/index.php\/wp-json\/wp\/v2\/posts"}],"about":[{"href":"https:\/\/vecinosdelinterior.com\/index.php\/wp-json\/wp\/v2\/types\/post"}],"author":[{"embeddable":true,"href":"https:\/\/vecinosdelinterior.com\/index.php\/wp-json\/wp\/v2\/users\/1"}],"replies":[{"embeddable":true,"href":"https:\/\/vecinosdelinterior.com\/index.php\/wp-json\/wp\/v2\/comments?post=3512"}],"version-history":[{"count":2,"href":"https:\/\/vecinosdelinterior.com\/index.php\/wp-json\/wp\/v2\/posts\/3512\/revisions"}],"predecessor-version":[{"id":3515,"href":"https:\/\/vecinosdelinterior.com\/index.php\/wp-json\/wp\/v2\/posts\/3512\/revisions\/3515"}],"wp:featuredmedia":[{"embeddable":true,"href":"https:\/\/vecinosdelinterior.com\/index.php\/wp-json\/wp\/v2\/media\/3513"}],"wp:attachment":[{"href":"https:\/\/vecinosdelinterior.com\/index.php\/wp-json\/wp\/v2\/media?parent=3512"}],"wp:term":[{"taxonomy":"category","embeddable":true,"href":"https:\/\/vecinosdelinterior.com\/index.php\/wp-json\/wp\/v2\/categories?post=3512"},{"taxonomy":"post_tag","embeddable":true,"href":"https:\/\/vecinosdelinterior.com\/index.php\/wp-json\/wp\/v2\/tags?post=3512"}],"curies":[{"name":"wp","href":"https:\/\/api.w.org\/{rel}","templated":true}]}}