{"id":3524,"date":"2025-01-21T11:50:00","date_gmt":"2025-01-21T14:50:00","guid":{"rendered":"https:\/\/vecinosdelinterior.com\/?p=3524"},"modified":"2025-01-21T12:00:58","modified_gmt":"2025-01-21T15:00:58","slug":"es-de-buena-esperanza-represento-a-villa-mercedes-y-brillo-en-jesus-maria","status":"publish","type":"post","link":"https:\/\/vecinosdelinterior.com\/index.php\/2025\/01\/21\/es-de-buena-esperanza-represento-a-villa-mercedes-y-brillo-en-jesus-maria\/","title":{"rendered":"Es de Buena Esperanza, represent\u00f3 a Villa Mercedes, y brill\u00f3 en Jesus Mar\u00eda"},"content":{"rendered":"\n<p>Alexis Zabala junto a otro puntano Dante Bonetto brillaron en Jes\u00fas Mar\u00eda. Fueron subcampeones en las categor\u00edas \u201cbasto\u201d y \u201cgurupa\u201d.<br>Alexis Zabala, nacido en Buena Esperanza, pero representando a Villa Mercedes fue segundo en la categor\u00eda \u201cbasto\u201d, en tanto que el oriundo de la localidad de Mart\u00edn de Loyola, Dante Bonetto se qued\u00f3 con igual ubicaci\u00f3n en \u201cgurupa\u201d.<br>Dejaron la imagen de la tradici\u00f3n gaucha bien en alto para todo los sanluise\u00f1os ante los ojos del pa\u00eds entero. Felicitaciones!<\/p>\n\n\n\n<figure class=\"wp-block-image size-full\"><img fetchpriority=\"high\" decoding=\"async\" width=\"770\" height=\"440\" src=\"https:\/\/vecinosdelinterior.com\/wp-content\/uploads\/2025\/01\/1737422523694.webp\" alt=\"\" class=\"wp-image-3525\" srcset=\"https:\/\/vecinosdelinterior.com\/wp-content\/uploads\/2025\/01\/1737422523694.webp 770w, https:\/\/vecinosdelinterior.com\/wp-content\/uploads\/2025\/01\/1737422523694-300x171.webp 300w, https:\/\/vecinosdelinterior.com\/wp-content\/uploads\/2025\/01\/1737422523694-768x439.webp 768w, https:\/\/vecinosdelinterior.com\/wp-content\/uploads\/2025\/01\/1737422523694-750x429.webp 750w\" sizes=\"(max-width: 770px) 100vw, 770px\" \/><\/figure>\n\n\n\n<p>Alexis Zabala a la izquierda en la foto<\/p>\n","protected":false},"excerpt":{"rendered":"<p>Alexis Zabala junto a otro puntano Dante Bonetto brillaron en Jes\u00fas Mar\u00eda. Fueron subcampeones en las categor\u00edas \u201cbasto\u201d y \u201cgurupa\u201d.Alexis Zabala, nacido en Buena Esperanza, pero representando a Villa Mercedes fue segundo en la categor\u00eda \u201cbasto\u201d, en tanto que el oriundo de la localidad de Mart\u00edn de Loyola, Dante Bonetto se qued\u00f3 con igual ubicaci\u00f3n [&hellip;]<\/p>\n","protected":false},"author":1,"featured_media":3529,"comment_status":"open","ping_status":"open","sticky":false,"template":"","format":"standard","meta":{"footnotes":""},"categories":[18,16],"tags":[490,491],"class_list":["post-3524","post","type-post","status-publish","format-standard","has-post-thumbnail","hentry","category-buena-esperanza-dupuy","category-dupuy","tag-doma","tag-jesus-maria"],"_links":{"self":[{"href":"https:\/\/vecinosdelinterior.com\/index.php\/wp-json\/wp\/v2\/posts\/3524","targetHints":{"allow":["GET"]}}],"collection":[{"href":"https:\/\/vecinosdelinterior.com\/index.php\/wp-json\/wp\/v2\/posts"}],"about":[{"href":"https:\/\/vecinosdelinterior.com\/index.php\/wp-json\/wp\/v2\/types\/post"}],"author":[{"embeddable":true,"href":"https:\/\/vecinosdelinterior.com\/index.php\/wp-json\/wp\/v2\/users\/1"}],"replies":[{"embeddable":true,"href":"https:\/\/vecinosdelinterior.com\/index.php\/wp-json\/wp\/v2\/comments?post=3524"}],"version-history":[{"count":2,"href":"https:\/\/vecinosdelinterior.com\/index.php\/wp-json\/wp\/v2\/posts\/3524\/revisions"}],"predecessor-version":[{"id":3528,"href":"https:\/\/vecinosdelinterior.com\/index.php\/wp-json\/wp\/v2\/posts\/3524\/revisions\/3528"}],"wp:featuredmedia":[{"embeddable":true,"href":"https:\/\/vecinosdelinterior.com\/index.php\/wp-json\/wp\/v2\/media\/3529"}],"wp:attachment":[{"href":"https:\/\/vecinosdelinterior.com\/index.php\/wp-json\/wp\/v2\/media?parent=3524"}],"wp:term":[{"taxonomy":"category","embeddable":true,"href":"https:\/\/vecinosdelinterior.com\/index.php\/wp-json\/wp\/v2\/categories?post=3524"},{"taxonomy":"post_tag","embeddable":true,"href":"https:\/\/vecinosdelinterior.com\/index.php\/wp-json\/wp\/v2\/tags?post=3524"}],"curies":[{"name":"wp","href":"https:\/\/api.w.org\/{rel}","templated":true}]}}