{"id":3540,"date":"2025-01-22T19:31:07","date_gmt":"2025-01-22T22:31:07","guid":{"rendered":"https:\/\/vecinosdelinterior.com\/?p=3540"},"modified":"2025-01-22T19:31:07","modified_gmt":"2025-01-22T22:31:07","slug":"tilisarao-se-adhiere-a-la-provincia-y-elegira-a-sus-concejales-el-11-de-mayo","status":"publish","type":"post","link":"https:\/\/vecinosdelinterior.com\/index.php\/2025\/01\/22\/tilisarao-se-adhiere-a-la-provincia-y-elegira-a-sus-concejales-el-11-de-mayo\/","title":{"rendered":"Tilisarao se adhiere a la provincia y elegir\u00e1 a sus concejales el 11 de mayo"},"content":{"rendered":"\n<p><\/p>\n\n\n\n<p>\u201cQuiero informarles que, mediante el Decreto N\u00b0 0000005-MT-2025, he decidido adherir a la fecha de elecciones propuesta por el gobernador de la Provincia, Claudio Poggi, que se realizar\u00e1 el 11 de mayo de 2025\u201d, notific\u00f3 el intendente, Juan Manuel Olgu\u00edn.<\/p>\n\n\n\n<p>El gobernador Claudio Poggi junto al intendente de Tilisarao, Juan Manuel Olgu\u00edn.<br>En esta jornada electoral, los vecinos de Tilisarao tendr\u00e1n la oportunidad de elegir a los nuevos representantes del Concejo Deliberante, renovando las bancas de tres (3) concejales titulares y tres (3) concejales suplentes. Este a\u00f1o, no votar\u00e1n para diputados ni senador provincial.<\/p>\n\n\n\n<p>\u201cEsta decisi\u00f3n reafirma mi compromiso con el fortalecimiento de la democracia, promoviendo la participaci\u00f3n ciudadana y garantizando un proceso electoral eficiente y transparente\u201d, mencion\u00f3 el edil en sus redes sociales y a\u00f1adi\u00f3: \u201cLos invito a participar activamente en este momento c\u00edvico tan importante para Tilisarao, su voto es clave para continuar impulsando el desarrollo y bienestar de nuestra localidad\u201d.<\/p>\n\n\n\n<p>De esta manera, Tilisarao tambi\u00e9n adhiere a la fecha de comicios al igual que otras ciudades y localidades como San Luis Capital, Villa Mercedes, Juana Koslay, Villa de Merlo, Quines, Uni\u00f3n, Luj\u00e1n y La Punta.<\/p>\n","protected":false},"excerpt":{"rendered":"<p>\u201cQuiero informarles que, mediante el Decreto N\u00b0 0000005-MT-2025, he decidido adherir a la fecha de elecciones propuesta por el gobernador de la Provincia, Claudio Poggi, que se realizar\u00e1 el 11 de mayo de 2025\u201d, notific\u00f3 el intendente, Juan Manuel Olgu\u00edn. El gobernador Claudio Poggi junto al intendente de Tilisarao, Juan Manuel Olgu\u00edn.En esta jornada electoral, [&hellip;]<\/p>\n","protected":false},"author":1,"featured_media":3541,"comment_status":"open","ping_status":"open","sticky":false,"template":"","format":"standard","meta":{"footnotes":""},"categories":[29,30],"tags":[493,492],"class_list":["post-3540","post","type-post","status-publish","format-standard","has-post-thumbnail","hentry","category-chacabuco","category-tilisarao","tag-elecciones","tag-politica"],"_links":{"self":[{"href":"https:\/\/vecinosdelinterior.com\/index.php\/wp-json\/wp\/v2\/posts\/3540","targetHints":{"allow":["GET"]}}],"collection":[{"href":"https:\/\/vecinosdelinterior.com\/index.php\/wp-json\/wp\/v2\/posts"}],"about":[{"href":"https:\/\/vecinosdelinterior.com\/index.php\/wp-json\/wp\/v2\/types\/post"}],"author":[{"embeddable":true,"href":"https:\/\/vecinosdelinterior.com\/index.php\/wp-json\/wp\/v2\/users\/1"}],"replies":[{"embeddable":true,"href":"https:\/\/vecinosdelinterior.com\/index.php\/wp-json\/wp\/v2\/comments?post=3540"}],"version-history":[{"count":1,"href":"https:\/\/vecinosdelinterior.com\/index.php\/wp-json\/wp\/v2\/posts\/3540\/revisions"}],"predecessor-version":[{"id":3542,"href":"https:\/\/vecinosdelinterior.com\/index.php\/wp-json\/wp\/v2\/posts\/3540\/revisions\/3542"}],"wp:featuredmedia":[{"embeddable":true,"href":"https:\/\/vecinosdelinterior.com\/index.php\/wp-json\/wp\/v2\/media\/3541"}],"wp:attachment":[{"href":"https:\/\/vecinosdelinterior.com\/index.php\/wp-json\/wp\/v2\/media?parent=3540"}],"wp:term":[{"taxonomy":"category","embeddable":true,"href":"https:\/\/vecinosdelinterior.com\/index.php\/wp-json\/wp\/v2\/categories?post=3540"},{"taxonomy":"post_tag","embeddable":true,"href":"https:\/\/vecinosdelinterior.com\/index.php\/wp-json\/wp\/v2\/tags?post=3540"}],"curies":[{"name":"wp","href":"https:\/\/api.w.org\/{rel}","templated":true}]}}