{"id":3543,"date":"2025-01-22T19:30:00","date_gmt":"2025-01-22T22:30:00","guid":{"rendered":"https:\/\/vecinosdelinterior.com\/?p=3543"},"modified":"2025-01-22T19:41:31","modified_gmt":"2025-01-22T22:41:31","slug":"villa-del-carmen-celebra-su-2-fiesta-cultural-de-los-comechingones","status":"publish","type":"post","link":"https:\/\/vecinosdelinterior.com\/index.php\/2025\/01\/22\/villa-del-carmen-celebra-su-2-fiesta-cultural-de-los-comechingones\/","title":{"rendered":"Villa del Carmen celebra su 2\u00b0 Fiesta Cultural de los Comechingones"},"content":{"rendered":"\n<p><\/p>\n\n\n\n<p>Las familias podr\u00e1n disfrutar de shows en vivo y presentaciones art\u00edsticas este s\u00e1bado, desde las 19:00, en la plaza San Mart\u00edn. La entrada es libre y gratuita.<\/p>\n\n\n\n<p>Mat\u00edas Raboni, intendente de Villa del Carmen, junto al ministro de Turismo, Juan \u00c1lvarez Pinto, en conferencia de prensa.<br>Este s\u00e1bado, la localidad de Villa del Carmen celebrar\u00e1 su 2\u00b0 Fiesta Cultural de los Comechingones, ocasi\u00f3n en la que las familias podr\u00e1n disfrutar de shows en vivo desde las 19:00 en la plaza San Mart\u00edn, con entrada libre y gratuita.<\/p>\n\n\n\n<p>\u201cQueremos que Villa del Carmen se reluzca este a\u00f1o con los festivales, ya que ha sumado un festival nuevo, que es la fiesta de la agricultura. Deseamos duplicar las fiestas porque es una localidad tur\u00edstica, el portal al Corredor de los Comechingones y, por su bello paisaje, que podemos contemplar cada d\u00eda\u201d, coment\u00f3 este mi\u00e9rcoles en conferencia de prensa su intendente, Mat\u00edas Raboni.<\/p>\n\n\n\n<figure class=\"wp-block-gallery has-nested-images columns-default is-cropped wp-block-gallery-1 is-layout-flex wp-block-gallery-is-layout-flex\">\n<figure class=\"wp-block-image size-large\"><img fetchpriority=\"high\" decoding=\"async\" width=\"575\" height=\"1024\" data-id=\"3544\" src=\"https:\/\/vecinosdelinterior.com\/wp-content\/uploads\/2025\/01\/472812358_927028812880349_4967010144446561377_n-1-768x1368-1-575x1024.jpg\" alt=\"\" class=\"wp-image-3544\" srcset=\"https:\/\/vecinosdelinterior.com\/wp-content\/uploads\/2025\/01\/472812358_927028812880349_4967010144446561377_n-1-768x1368-1-575x1024.jpg 575w, https:\/\/vecinosdelinterior.com\/wp-content\/uploads\/2025\/01\/472812358_927028812880349_4967010144446561377_n-1-768x1368-1-168x300.jpg 168w, https:\/\/vecinosdelinterior.com\/wp-content\/uploads\/2025\/01\/472812358_927028812880349_4967010144446561377_n-1-768x1368-1-750x1336.jpg 750w, https:\/\/vecinosdelinterior.com\/wp-content\/uploads\/2025\/01\/472812358_927028812880349_4967010144446561377_n-1-768x1368-1.jpg 768w\" sizes=\"(max-width: 575px) 100vw, 575px\" \/><\/figure>\n\n\n\n<figure class=\"wp-block-image size-large\"><img decoding=\"async\" width=\"1024\" height=\"682\" data-id=\"3545\" src=\"https:\/\/vecinosdelinterior.com\/wp-content\/uploads\/2025\/01\/472812358_927028812880349_4967010144446561377_n-1-1-1-scaled-1-1024x682.jpg\" alt=\"\" class=\"wp-image-3545\" srcset=\"https:\/\/vecinosdelinterior.com\/wp-content\/uploads\/2025\/01\/472812358_927028812880349_4967010144446561377_n-1-1-1-scaled-1-1024x682.jpg 1024w, https:\/\/vecinosdelinterior.com\/wp-content\/uploads\/2025\/01\/472812358_927028812880349_4967010144446561377_n-1-1-1-scaled-1-300x200.jpg 300w, https:\/\/vecinosdelinterior.com\/wp-content\/uploads\/2025\/01\/472812358_927028812880349_4967010144446561377_n-1-1-1-scaled-1-768x512.jpg 768w, https:\/\/vecinosdelinterior.com\/wp-content\/uploads\/2025\/01\/472812358_927028812880349_4967010144446561377_n-1-1-1-scaled-1-1536x1024.jpg 1536w, https:\/\/vecinosdelinterior.com\/wp-content\/uploads\/2025\/01\/472812358_927028812880349_4967010144446561377_n-1-1-1-scaled-1-2048x1365.jpg 2048w, https:\/\/vecinosdelinterior.com\/wp-content\/uploads\/2025\/01\/472812358_927028812880349_4967010144446561377_n-1-1-1-scaled-1-750x500.jpg 750w, https:\/\/vecinosdelinterior.com\/wp-content\/uploads\/2025\/01\/472812358_927028812880349_4967010144446561377_n-1-1-1-scaled-1-1140x760.jpg 1140w\" sizes=\"(max-width: 1024px) 100vw, 1024px\" \/><\/figure>\n<\/figure>\n\n\n\n<p><\/p>\n\n\n\n<p>\u201cEstamos muy contentos porque tenemos el apoyo del Gobierno y de esta manera podemos aportar m\u00e1s, nos pueden ayudar m\u00e1s con la parte t\u00e9cnica, con lo que es alquiler de sillas, mobiliarios, etc. Esto ayuda a los municipios a colaborar con la gente, a que se sienta un poquito m\u00e1s a gusto, m\u00e1s felices en sus tardes, en sus festivales, en sus d\u00edas y noches. Es un aporte muy generoso del parte del Gobierno\u201d, sum\u00f3.<\/p>\n\n\n\n<p>Raboni coment\u00f3 que el encuentro contar\u00e1 demostraciones art\u00edsticas de las que participar\u00e1 el taller de adultos \u2018Ritmos Creativos; el ballet \u2018Brisas Puntanas\u2019; grupo de danzas \u2018Virgen del Valle de Pancanta\u2019; ballet \u2018Malvinas Argentinas\u2019 y el ballet \u2018Tinkuy\u2019. Mientras que Zaira Ponce, \u2018Los Guitarreros del Carmen\u2019, \u2018Los del Carmen y La Serenata\u2019, entre otros, ser\u00e1n los encargados de ponerle m\u00fasica y color a una noche que promete ser inolvidable para el pueblo.<\/p>\n\n\n\n<p>Tambi\u00e9n habr\u00e1 puestos de comida, un paseo de artesanos y emprendedores y juegos recreativos para los ni\u00f1os y ni\u00f1as.<\/p>\n","protected":false},"excerpt":{"rendered":"<p>Las familias podr\u00e1n disfrutar de shows en vivo y presentaciones art\u00edsticas este s\u00e1bado, desde las 19:00, en la plaza San Mart\u00edn. La entrada es libre y gratuita. Mat\u00edas Raboni, intendente de Villa del Carmen, junto al ministro de Turismo, Juan \u00c1lvarez Pinto, en conferencia de prensa.Este s\u00e1bado, la localidad de Villa del Carmen celebrar\u00e1 su [&hellip;]<\/p>\n","protected":false},"author":1,"featured_media":3544,"comment_status":"open","ping_status":"open","sticky":false,"template":"","format":"standard","meta":{"footnotes":""},"categories":[29,31],"tags":[333],"class_list":["post-3543","post","type-post","status-publish","format-standard","has-post-thumbnail","hentry","category-chacabuco","category-villa-del-carmen","tag-festivales"],"_links":{"self":[{"href":"https:\/\/vecinosdelinterior.com\/index.php\/wp-json\/wp\/v2\/posts\/3543","targetHints":{"allow":["GET"]}}],"collection":[{"href":"https:\/\/vecinosdelinterior.com\/index.php\/wp-json\/wp\/v2\/posts"}],"about":[{"href":"https:\/\/vecinosdelinterior.com\/index.php\/wp-json\/wp\/v2\/types\/post"}],"author":[{"embeddable":true,"href":"https:\/\/vecinosdelinterior.com\/index.php\/wp-json\/wp\/v2\/users\/1"}],"replies":[{"embeddable":true,"href":"https:\/\/vecinosdelinterior.com\/index.php\/wp-json\/wp\/v2\/comments?post=3543"}],"version-history":[{"count":1,"href":"https:\/\/vecinosdelinterior.com\/index.php\/wp-json\/wp\/v2\/posts\/3543\/revisions"}],"predecessor-version":[{"id":3546,"href":"https:\/\/vecinosdelinterior.com\/index.php\/wp-json\/wp\/v2\/posts\/3543\/revisions\/3546"}],"wp:featuredmedia":[{"embeddable":true,"href":"https:\/\/vecinosdelinterior.com\/index.php\/wp-json\/wp\/v2\/media\/3544"}],"wp:attachment":[{"href":"https:\/\/vecinosdelinterior.com\/index.php\/wp-json\/wp\/v2\/media?parent=3543"}],"wp:term":[{"taxonomy":"category","embeddable":true,"href":"https:\/\/vecinosdelinterior.com\/index.php\/wp-json\/wp\/v2\/categories?post=3543"},{"taxonomy":"post_tag","embeddable":true,"href":"https:\/\/vecinosdelinterior.com\/index.php\/wp-json\/wp\/v2\/tags?post=3543"}],"curies":[{"name":"wp","href":"https:\/\/api.w.org\/{rel}","templated":true}]}}