{"id":3571,"date":"2025-01-25T12:05:00","date_gmt":"2025-01-25T15:05:00","guid":{"rendered":"https:\/\/vecinosdelinterior.com\/?p=3571"},"modified":"2025-01-25T12:12:55","modified_gmt":"2025-01-25T15:12:55","slug":"el-parque-recreativo-de-la-villa-de-merlo-recibira-el-avalonfest","status":"publish","type":"post","link":"https:\/\/vecinosdelinterior.com\/index.php\/2025\/01\/25\/el-parque-recreativo-de-la-villa-de-merlo-recibira-el-avalonfest\/","title":{"rendered":"El Parque Recreativo de la Villa de Merlo recibir\u00e1 el AvalonFest"},"content":{"rendered":"\n<p><\/p>\n\n\n\n<p>El evento gratuito contar\u00e1 con diferentes charlas, talleres y actividades que buscan recrear de forma hist\u00f3rica y fant\u00e1stica las culturas N\u00f3rdica y Celta, como as\u00ed tambi\u00e9n la Edad Media. Se desarrollar\u00e1 los d\u00edas 24, 25 y 26 de enero.<\/p>\n\n\n\n<p>Este viernes, s\u00e1bado y domingo, de 16:00 a 22:00, el Parque Recreativo ser\u00e1 sede de una nueva edici\u00f3n del AvalonFest, un evento que forma parte de un proyecto de recreaci\u00f3n hist\u00f3rica y fant\u00e1stica relacionada a las culturas N\u00f3rdica y Celta como as\u00ed tambi\u00e9n de la Edad Media. La entrada ser\u00e1 libre y gratuita.<\/p>\n\n\n\n<figure class=\"wp-block-image size-full\"><img fetchpriority=\"high\" decoding=\"async\" width=\"768\" height=\"512\" src=\"https:\/\/vecinosdelinterior.com\/wp-content\/uploads\/2025\/01\/foto1-8-768x512-1.jpeg\" alt=\"\" class=\"wp-image-3572\" srcset=\"https:\/\/vecinosdelinterior.com\/wp-content\/uploads\/2025\/01\/foto1-8-768x512-1.jpeg 768w, https:\/\/vecinosdelinterior.com\/wp-content\/uploads\/2025\/01\/foto1-8-768x512-1-300x200.jpeg 300w, https:\/\/vecinosdelinterior.com\/wp-content\/uploads\/2025\/01\/foto1-8-768x512-1-750x500.jpeg 750w\" sizes=\"(max-width: 768px) 100vw, 768px\" \/><\/figure>\n\n\n\n<p>La propuesta medieval incluir\u00e1 charlas tem\u00e1ticas para personas de todas las edades, exposici\u00f3n de vestimenta t\u00edpica, objetos realizados a mano con t\u00e9cnicas antiguas, talleres, concursos, paseo de artesanos, puestos gastron\u00f3micos y shows art\u00edsticos.<\/p>\n\n\n\n<p>\u201cNos interesa realizar estos encuentros al aire libre porque buscamos que los asistentes puedan experimentar la fantas\u00eda de viajar en el tiempo con nuestra propuesta y a la vez crear conciencia sobre el cuidado de nuestra tierra y la naturaleza que nos rodea\u201d, expresaron los organizadores.<\/p>\n\n\n\n<p><strong>Cronograma de actividades<\/strong><\/p>\n\n\n\n<p>Viernes 24 de enero<\/p>\n\n\n\n<p>18:00 Instrumental de Guitarra<\/p>\n\n\n\n<p>19:00 Concurso de Barbas<\/p>\n\n\n\n<p>20:00 Alan Covers<\/p>\n\n\n\n<p>S\u00e1bado 25 de enero<\/p>\n\n\n\n<p>18:00 Instrumental de Guitarra<\/p>\n\n\n\n<p>19:00 Duo \u201cAinudinla\u00eb\u201d<\/p>\n\n\n\n<p>20:00 Ana Herrera Danza<\/p>\n\n\n\n<p>21:00 Cripta<\/p>\n\n\n\n<p>Domingo 26 de enero<\/p>\n\n\n\n<p>18:00 Instrumental de guitarra<\/p>\n\n\n\n<p>19:00 Concurso de cosplay<\/p>\n\n\n\n<p>20:00 Q\u2019 Plan<\/p>\n","protected":false},"excerpt":{"rendered":"<p>El evento gratuito contar\u00e1 con diferentes charlas, talleres y actividades que buscan recrear de forma hist\u00f3rica y fant\u00e1stica las culturas N\u00f3rdica y Celta, como as\u00ed tambi\u00e9n la Edad Media. Se desarrollar\u00e1 los d\u00edas 24, 25 y 26 de enero. Este viernes, s\u00e1bado y domingo, de 16:00 a 22:00, el Parque Recreativo ser\u00e1 sede de una [&hellip;]<\/p>\n","protected":false},"author":1,"featured_media":3573,"comment_status":"open","ping_status":"open","sticky":false,"template":"","format":"standard","meta":{"footnotes":""},"categories":[23,73],"tags":[333],"class_list":["post-3571","post","type-post","status-publish","format-standard","has-post-thumbnail","hentry","category-junin","category-merlo","tag-festivales"],"_links":{"self":[{"href":"https:\/\/vecinosdelinterior.com\/index.php\/wp-json\/wp\/v2\/posts\/3571","targetHints":{"allow":["GET"]}}],"collection":[{"href":"https:\/\/vecinosdelinterior.com\/index.php\/wp-json\/wp\/v2\/posts"}],"about":[{"href":"https:\/\/vecinosdelinterior.com\/index.php\/wp-json\/wp\/v2\/types\/post"}],"author":[{"embeddable":true,"href":"https:\/\/vecinosdelinterior.com\/index.php\/wp-json\/wp\/v2\/users\/1"}],"replies":[{"embeddable":true,"href":"https:\/\/vecinosdelinterior.com\/index.php\/wp-json\/wp\/v2\/comments?post=3571"}],"version-history":[{"count":1,"href":"https:\/\/vecinosdelinterior.com\/index.php\/wp-json\/wp\/v2\/posts\/3571\/revisions"}],"predecessor-version":[{"id":3574,"href":"https:\/\/vecinosdelinterior.com\/index.php\/wp-json\/wp\/v2\/posts\/3571\/revisions\/3574"}],"wp:featuredmedia":[{"embeddable":true,"href":"https:\/\/vecinosdelinterior.com\/index.php\/wp-json\/wp\/v2\/media\/3573"}],"wp:attachment":[{"href":"https:\/\/vecinosdelinterior.com\/index.php\/wp-json\/wp\/v2\/media?parent=3571"}],"wp:term":[{"taxonomy":"category","embeddable":true,"href":"https:\/\/vecinosdelinterior.com\/index.php\/wp-json\/wp\/v2\/categories?post=3571"},{"taxonomy":"post_tag","embeddable":true,"href":"https:\/\/vecinosdelinterior.com\/index.php\/wp-json\/wp\/v2\/tags?post=3571"}],"curies":[{"name":"wp","href":"https:\/\/api.w.org\/{rel}","templated":true}]}}