{"id":3585,"date":"2025-01-27T10:00:00","date_gmt":"2025-01-27T13:00:00","guid":{"rendered":"https:\/\/vecinosdelinterior.com\/?p=3585"},"modified":"2025-01-27T10:17:20","modified_gmt":"2025-01-27T13:17:20","slug":"concaran-ofrece-un-descuento-del-25-en-tus-tasas-municipales","status":"publish","type":"post","link":"https:\/\/vecinosdelinterior.com\/index.php\/2025\/01\/27\/concaran-ofrece-un-descuento-del-25-en-tus-tasas-municipales\/","title":{"rendered":"Concar\u00e1n ofrece un descuento del 25% en tus tasas municipales"},"content":{"rendered":"\n<p>Es para quienes quieran estar al d\u00eda con las tasas de comercio y servicios municipales.<br>Hasta el 31 de marzo, est\u00e1 la oportunidad de realizar el pago anual y acceder a un incre\u00edble 25% de descuento.<br>Quienes quieran acceder a este beneficio deben acercarse a las oficinas municipales o realizar el pago anual directamente.<\/p>\n\n\n\n<figure class=\"wp-block-image size-large\"><img fetchpriority=\"high\" decoding=\"async\" width=\"1024\" height=\"1024\" src=\"https:\/\/vecinosdelinterior.com\/wp-content\/uploads\/2025\/01\/475253343_18060359074935749_2679858961077519008_n-1024x1024.jpg\" alt=\"\" class=\"wp-image-3586\" srcset=\"https:\/\/vecinosdelinterior.com\/wp-content\/uploads\/2025\/01\/475253343_18060359074935749_2679858961077519008_n-1024x1024.jpg 1024w, https:\/\/vecinosdelinterior.com\/wp-content\/uploads\/2025\/01\/475253343_18060359074935749_2679858961077519008_n-300x300.jpg 300w, https:\/\/vecinosdelinterior.com\/wp-content\/uploads\/2025\/01\/475253343_18060359074935749_2679858961077519008_n-150x150.jpg 150w, https:\/\/vecinosdelinterior.com\/wp-content\/uploads\/2025\/01\/475253343_18060359074935749_2679858961077519008_n-768x768.jpg 768w, https:\/\/vecinosdelinterior.com\/wp-content\/uploads\/2025\/01\/475253343_18060359074935749_2679858961077519008_n-75x75.jpg 75w, https:\/\/vecinosdelinterior.com\/wp-content\/uploads\/2025\/01\/475253343_18060359074935749_2679858961077519008_n-750x750.jpg 750w, https:\/\/vecinosdelinterior.com\/wp-content\/uploads\/2025\/01\/475253343_18060359074935749_2679858961077519008_n-1140x1140.jpg 1140w, https:\/\/vecinosdelinterior.com\/wp-content\/uploads\/2025\/01\/475253343_18060359074935749_2679858961077519008_n.jpg 1440w\" sizes=\"(max-width: 1024px) 100vw, 1024px\" \/><\/figure>\n","protected":false},"excerpt":{"rendered":"<p>Es para quienes quieran estar al d\u00eda con las tasas de comercio y servicios municipales.Hasta el 31 de marzo, est\u00e1 la oportunidad de realizar el pago anual y acceder a un incre\u00edble 25% de descuento.Quienes quieran acceder a este beneficio deben acercarse a las oficinas municipales o realizar el pago anual directamente.<\/p>\n","protected":false},"author":1,"featured_media":3586,"comment_status":"open","ping_status":"open","sticky":false,"template":"","format":"standard","meta":{"footnotes":""},"categories":[29,223],"tags":[],"class_list":["post-3585","post","type-post","status-publish","format-standard","has-post-thumbnail","hentry","category-chacabuco","category-concaran"],"_links":{"self":[{"href":"https:\/\/vecinosdelinterior.com\/index.php\/wp-json\/wp\/v2\/posts\/3585","targetHints":{"allow":["GET"]}}],"collection":[{"href":"https:\/\/vecinosdelinterior.com\/index.php\/wp-json\/wp\/v2\/posts"}],"about":[{"href":"https:\/\/vecinosdelinterior.com\/index.php\/wp-json\/wp\/v2\/types\/post"}],"author":[{"embeddable":true,"href":"https:\/\/vecinosdelinterior.com\/index.php\/wp-json\/wp\/v2\/users\/1"}],"replies":[{"embeddable":true,"href":"https:\/\/vecinosdelinterior.com\/index.php\/wp-json\/wp\/v2\/comments?post=3585"}],"version-history":[{"count":1,"href":"https:\/\/vecinosdelinterior.com\/index.php\/wp-json\/wp\/v2\/posts\/3585\/revisions"}],"predecessor-version":[{"id":3587,"href":"https:\/\/vecinosdelinterior.com\/index.php\/wp-json\/wp\/v2\/posts\/3585\/revisions\/3587"}],"wp:featuredmedia":[{"embeddable":true,"href":"https:\/\/vecinosdelinterior.com\/index.php\/wp-json\/wp\/v2\/media\/3586"}],"wp:attachment":[{"href":"https:\/\/vecinosdelinterior.com\/index.php\/wp-json\/wp\/v2\/media?parent=3585"}],"wp:term":[{"taxonomy":"category","embeddable":true,"href":"https:\/\/vecinosdelinterior.com\/index.php\/wp-json\/wp\/v2\/categories?post=3585"},{"taxonomy":"post_tag","embeddable":true,"href":"https:\/\/vecinosdelinterior.com\/index.php\/wp-json\/wp\/v2\/tags?post=3585"}],"curies":[{"name":"wp","href":"https:\/\/api.w.org\/{rel}","templated":true}]}}