{"id":3588,"date":"2025-01-27T09:22:00","date_gmt":"2025-01-27T12:22:00","guid":{"rendered":"https:\/\/vecinosdelinterior.com\/?p=3588"},"modified":"2025-01-27T10:24:48","modified_gmt":"2025-01-27T13:24:48","slug":"pronto-los-carnavales-2025-en-san-francisco-del-monte-de-oro","status":"publish","type":"post","link":"https:\/\/vecinosdelinterior.com\/index.php\/2025\/01\/27\/pronto-los-carnavales-2025-en-san-francisco-del-monte-de-oro\/","title":{"rendered":"Pronto los Carnavales 2025 en San Francisco del Monte de Oro"},"content":{"rendered":"\n<p><br>El 6 y 7 de febrero , a partir de las 21:00 hs, la Plaza Pringles se llenar\u00e1 de color, m\u00fasica y tradici\u00f3n con los Carnavales 2025 .<\/p>\n\n\n\n<p>\ud83d\udc83Compartidas invitadas:<\/p>\n\n\n\n<p>Arayeb\u00ed<br>Ritmo joven<br>Los Indiesitos<br>Domadores de Suegra<br>Estrella Fugaz<br>Ave F\u00e9nix<br>Niceforos<br>Quinta Nota<br>Villa de la Quebrada<br>Nueva Generaci\u00f3n<br>\ud83c\udfb6 Artistas Confirmados:<\/p>\n\n\n\n<p>Los Herrera<br>Sim\u00f3n Aguirre<br>\ud83c\udf9f\ufe0f Entrada: $5.000 (f\u00edsica).<br>Ni\u00f1os de 12 a\u00f1os en adelante pagan entrada general.<\/p>\n\n\n\n<figure class=\"wp-block-image size-large\"><img fetchpriority=\"high\" decoding=\"async\" width=\"1024\" height=\"1024\" src=\"https:\/\/vecinosdelinterior.com\/wp-content\/uploads\/2025\/01\/474754908_17894566377114861_8534642105700829775_n-1024x1024.jpg\" alt=\"\" class=\"wp-image-3589\" srcset=\"https:\/\/vecinosdelinterior.com\/wp-content\/uploads\/2025\/01\/474754908_17894566377114861_8534642105700829775_n-1024x1024.jpg 1024w, https:\/\/vecinosdelinterior.com\/wp-content\/uploads\/2025\/01\/474754908_17894566377114861_8534642105700829775_n-300x300.jpg 300w, https:\/\/vecinosdelinterior.com\/wp-content\/uploads\/2025\/01\/474754908_17894566377114861_8534642105700829775_n-150x150.jpg 150w, https:\/\/vecinosdelinterior.com\/wp-content\/uploads\/2025\/01\/474754908_17894566377114861_8534642105700829775_n-768x768.jpg 768w, https:\/\/vecinosdelinterior.com\/wp-content\/uploads\/2025\/01\/474754908_17894566377114861_8534642105700829775_n-75x75.jpg 75w, https:\/\/vecinosdelinterior.com\/wp-content\/uploads\/2025\/01\/474754908_17894566377114861_8534642105700829775_n-750x750.jpg 750w, https:\/\/vecinosdelinterior.com\/wp-content\/uploads\/2025\/01\/474754908_17894566377114861_8534642105700829775_n-1140x1140.jpg 1140w, https:\/\/vecinosdelinterior.com\/wp-content\/uploads\/2025\/01\/474754908_17894566377114861_8534642105700829775_n.jpg 1440w\" sizes=\"(max-width: 1024px) 100vw, 1024px\" \/><\/figure>\n","protected":false},"excerpt":{"rendered":"<p>El 6 y 7 de febrero , a partir de las 21:00 hs, la Plaza Pringles se llenar\u00e1 de color, m\u00fasica y tradici\u00f3n con los Carnavales 2025 . \ud83d\udc83Compartidas invitadas: Arayeb\u00edRitmo jovenLos IndiesitosDomadores de SuegraEstrella FugazAve F\u00e9nixNiceforosQuinta NotaVilla de la QuebradaNueva Generaci\u00f3n\ud83c\udfb6 Artistas Confirmados: Los HerreraSim\u00f3n Aguirre\ud83c\udf9f\ufe0f Entrada: $5.000 (f\u00edsica).Ni\u00f1os de 12 a\u00f1os en adelante [&hellip;]<\/p>\n","protected":false},"author":1,"featured_media":3589,"comment_status":"open","ping_status":"open","sticky":false,"template":"","format":"standard","meta":{"footnotes":""},"categories":[8,9],"tags":[],"class_list":["post-3588","post","type-post","status-publish","format-standard","has-post-thumbnail","hentry","category-ayacucho","category-san-francisco"],"_links":{"self":[{"href":"https:\/\/vecinosdelinterior.com\/index.php\/wp-json\/wp\/v2\/posts\/3588","targetHints":{"allow":["GET"]}}],"collection":[{"href":"https:\/\/vecinosdelinterior.com\/index.php\/wp-json\/wp\/v2\/posts"}],"about":[{"href":"https:\/\/vecinosdelinterior.com\/index.php\/wp-json\/wp\/v2\/types\/post"}],"author":[{"embeddable":true,"href":"https:\/\/vecinosdelinterior.com\/index.php\/wp-json\/wp\/v2\/users\/1"}],"replies":[{"embeddable":true,"href":"https:\/\/vecinosdelinterior.com\/index.php\/wp-json\/wp\/v2\/comments?post=3588"}],"version-history":[{"count":1,"href":"https:\/\/vecinosdelinterior.com\/index.php\/wp-json\/wp\/v2\/posts\/3588\/revisions"}],"predecessor-version":[{"id":3590,"href":"https:\/\/vecinosdelinterior.com\/index.php\/wp-json\/wp\/v2\/posts\/3588\/revisions\/3590"}],"wp:featuredmedia":[{"embeddable":true,"href":"https:\/\/vecinosdelinterior.com\/index.php\/wp-json\/wp\/v2\/media\/3589"}],"wp:attachment":[{"href":"https:\/\/vecinosdelinterior.com\/index.php\/wp-json\/wp\/v2\/media?parent=3588"}],"wp:term":[{"taxonomy":"category","embeddable":true,"href":"https:\/\/vecinosdelinterior.com\/index.php\/wp-json\/wp\/v2\/categories?post=3588"},{"taxonomy":"post_tag","embeddable":true,"href":"https:\/\/vecinosdelinterior.com\/index.php\/wp-json\/wp\/v2\/tags?post=3588"}],"curies":[{"name":"wp","href":"https:\/\/api.w.org\/{rel}","templated":true}]}}