{"id":3591,"date":"2025-01-27T10:30:00","date_gmt":"2025-01-27T13:30:00","guid":{"rendered":"https:\/\/vecinosdelinterior.com\/?p=3591"},"modified":"2025-01-27T10:38:23","modified_gmt":"2025-01-27T13:38:23","slug":"ni-la-lluvia-pudo-con-la-2da-jornada-de-los-carnavales-de-quines","status":"publish","type":"post","link":"https:\/\/vecinosdelinterior.com\/index.php\/2025\/01\/27\/ni-la-lluvia-pudo-con-la-2da-jornada-de-los-carnavales-de-quines\/","title":{"rendered":"Ni la lluvia pudo con la 2da jornada de los Carnavales de Quines"},"content":{"rendered":"\n<p>Fue pura fiesta y encuentro de familia. Donde la alegr\u00eda, la m\u00fasica y el color se conjugaron en una noche que tuvo de todo.<br>Llovi\u00f3, pero no fue impedimento para que la alegr\u00eda continu\u00e1se y en la noche quinense defilaron las comparsas locales: Las Perlitas de Caril\u00fa, Jorge y sus Bailarinas, Estrela Da Sorte, Vidalegre, m\u00e1s la muy buena comparsa \u00abLos Nic\u00e9foros\u00bb de Leandro Alem en una genial presentaci\u00f3n.<br>La noche continu\u00f3 con todo el ritmo cuartetero de la banda cordobesa \u00abTal para Cual\u00bb y la m\u00fasica de Dj Jack<br>Lo mejor de todo, es que quedan 5 noches m\u00e1s a pura fiesta.<\/p>\n\n\n\n<figure class=\"wp-block-gallery has-nested-images columns-default is-cropped wp-block-gallery-1 is-layout-flex wp-block-gallery-is-layout-flex\">\n<figure class=\"wp-block-image size-large\"><img fetchpriority=\"high\" decoding=\"async\" width=\"1024\" height=\"508\" data-id=\"3592\" src=\"https:\/\/vecinosdelinterior.com\/wp-content\/uploads\/2025\/01\/475276209_477214445429247_5882575876209999440_n-1024x508.jpg\" alt=\"\" class=\"wp-image-3592\" srcset=\"https:\/\/vecinosdelinterior.com\/wp-content\/uploads\/2025\/01\/475276209_477214445429247_5882575876209999440_n-1024x508.jpg 1024w, https:\/\/vecinosdelinterior.com\/wp-content\/uploads\/2025\/01\/475276209_477214445429247_5882575876209999440_n-300x149.jpg 300w, https:\/\/vecinosdelinterior.com\/wp-content\/uploads\/2025\/01\/475276209_477214445429247_5882575876209999440_n-768x381.jpg 768w, https:\/\/vecinosdelinterior.com\/wp-content\/uploads\/2025\/01\/475276209_477214445429247_5882575876209999440_n-1536x762.jpg 1536w, https:\/\/vecinosdelinterior.com\/wp-content\/uploads\/2025\/01\/475276209_477214445429247_5882575876209999440_n-360x180.jpg 360w, https:\/\/vecinosdelinterior.com\/wp-content\/uploads\/2025\/01\/475276209_477214445429247_5882575876209999440_n-750x372.jpg 750w, https:\/\/vecinosdelinterior.com\/wp-content\/uploads\/2025\/01\/475276209_477214445429247_5882575876209999440_n-1140x566.jpg 1140w, https:\/\/vecinosdelinterior.com\/wp-content\/uploads\/2025\/01\/475276209_477214445429247_5882575876209999440_n.jpg 2048w\" sizes=\"(max-width: 1024px) 100vw, 1024px\" \/><\/figure>\n\n\n\n<figure class=\"wp-block-image size-large\"><img decoding=\"async\" width=\"1024\" height=\"606\" data-id=\"3594\" src=\"https:\/\/vecinosdelinterior.com\/wp-content\/uploads\/2025\/01\/475242862_477214248762600_903230703616250203_n-1024x606.jpg\" alt=\"\" class=\"wp-image-3594\" srcset=\"https:\/\/vecinosdelinterior.com\/wp-content\/uploads\/2025\/01\/475242862_477214248762600_903230703616250203_n-1024x606.jpg 1024w, https:\/\/vecinosdelinterior.com\/wp-content\/uploads\/2025\/01\/475242862_477214248762600_903230703616250203_n-300x177.jpg 300w, https:\/\/vecinosdelinterior.com\/wp-content\/uploads\/2025\/01\/475242862_477214248762600_903230703616250203_n-768x454.jpg 768w, https:\/\/vecinosdelinterior.com\/wp-content\/uploads\/2025\/01\/475242862_477214248762600_903230703616250203_n-1536x908.jpg 1536w, https:\/\/vecinosdelinterior.com\/wp-content\/uploads\/2025\/01\/475242862_477214248762600_903230703616250203_n-750x443.jpg 750w, https:\/\/vecinosdelinterior.com\/wp-content\/uploads\/2025\/01\/475242862_477214248762600_903230703616250203_n-1140x674.jpg 1140w, https:\/\/vecinosdelinterior.com\/wp-content\/uploads\/2025\/01\/475242862_477214248762600_903230703616250203_n.jpg 2048w\" sizes=\"(max-width: 1024px) 100vw, 1024px\" \/><\/figure>\n\n\n\n<figure class=\"wp-block-image size-large\"><img decoding=\"async\" width=\"1024\" height=\"609\" data-id=\"3593\" src=\"https:\/\/vecinosdelinterior.com\/wp-content\/uploads\/2025\/01\/475151832_477214062095952_6467082102628896288_n-1024x609.jpg\" alt=\"\" class=\"wp-image-3593\" srcset=\"https:\/\/vecinosdelinterior.com\/wp-content\/uploads\/2025\/01\/475151832_477214062095952_6467082102628896288_n-1024x609.jpg 1024w, https:\/\/vecinosdelinterior.com\/wp-content\/uploads\/2025\/01\/475151832_477214062095952_6467082102628896288_n-300x178.jpg 300w, https:\/\/vecinosdelinterior.com\/wp-content\/uploads\/2025\/01\/475151832_477214062095952_6467082102628896288_n-768x456.jpg 768w, https:\/\/vecinosdelinterior.com\/wp-content\/uploads\/2025\/01\/475151832_477214062095952_6467082102628896288_n-1536x913.jpg 1536w, https:\/\/vecinosdelinterior.com\/wp-content\/uploads\/2025\/01\/475151832_477214062095952_6467082102628896288_n-750x446.jpg 750w, https:\/\/vecinosdelinterior.com\/wp-content\/uploads\/2025\/01\/475151832_477214062095952_6467082102628896288_n-1140x677.jpg 1140w, https:\/\/vecinosdelinterior.com\/wp-content\/uploads\/2025\/01\/475151832_477214062095952_6467082102628896288_n.jpg 2048w\" sizes=\"(max-width: 1024px) 100vw, 1024px\" \/><\/figure>\n<\/figure>\n","protected":false},"excerpt":{"rendered":"<p>Fue pura fiesta y encuentro de familia. Donde la alegr\u00eda, la m\u00fasica y el color se conjugaron en una noche que tuvo de todo.Llovi\u00f3, pero no fue impedimento para que la alegr\u00eda continu\u00e1se y en la noche quinense defilaron las comparsas locales: Las Perlitas de Caril\u00fa, Jorge y sus Bailarinas, Estrela Da Sorte, Vidalegre, m\u00e1s [&hellip;]<\/p>\n","protected":false},"author":1,"featured_media":3594,"comment_status":"open","ping_status":"open","sticky":false,"template":"","format":"standard","meta":{"footnotes":""},"categories":[8,54],"tags":[333],"class_list":["post-3591","post","type-post","status-publish","format-standard","has-post-thumbnail","hentry","category-ayacucho","category-quines-ayacucho","tag-festivales"],"_links":{"self":[{"href":"https:\/\/vecinosdelinterior.com\/index.php\/wp-json\/wp\/v2\/posts\/3591","targetHints":{"allow":["GET"]}}],"collection":[{"href":"https:\/\/vecinosdelinterior.com\/index.php\/wp-json\/wp\/v2\/posts"}],"about":[{"href":"https:\/\/vecinosdelinterior.com\/index.php\/wp-json\/wp\/v2\/types\/post"}],"author":[{"embeddable":true,"href":"https:\/\/vecinosdelinterior.com\/index.php\/wp-json\/wp\/v2\/users\/1"}],"replies":[{"embeddable":true,"href":"https:\/\/vecinosdelinterior.com\/index.php\/wp-json\/wp\/v2\/comments?post=3591"}],"version-history":[{"count":1,"href":"https:\/\/vecinosdelinterior.com\/index.php\/wp-json\/wp\/v2\/posts\/3591\/revisions"}],"predecessor-version":[{"id":3595,"href":"https:\/\/vecinosdelinterior.com\/index.php\/wp-json\/wp\/v2\/posts\/3591\/revisions\/3595"}],"wp:featuredmedia":[{"embeddable":true,"href":"https:\/\/vecinosdelinterior.com\/index.php\/wp-json\/wp\/v2\/media\/3594"}],"wp:attachment":[{"href":"https:\/\/vecinosdelinterior.com\/index.php\/wp-json\/wp\/v2\/media?parent=3591"}],"wp:term":[{"taxonomy":"category","embeddable":true,"href":"https:\/\/vecinosdelinterior.com\/index.php\/wp-json\/wp\/v2\/categories?post=3591"},{"taxonomy":"post_tag","embeddable":true,"href":"https:\/\/vecinosdelinterior.com\/index.php\/wp-json\/wp\/v2\/tags?post=3591"}],"curies":[{"name":"wp","href":"https:\/\/api.w.org\/{rel}","templated":true}]}}