{"id":3600,"date":"2025-01-27T11:32:04","date_gmt":"2025-01-27T14:32:04","guid":{"rendered":"https:\/\/vecinosdelinterior.com\/?p=3600"},"modified":"2025-01-27T11:32:04","modified_gmt":"2025-01-27T14:32:04","slug":"alexis-zabala-el-subcampeon-de-jesus-maria-fue-recibido-con-alegria-en-la-tierra-donde-nacio","status":"publish","type":"post","link":"https:\/\/vecinosdelinterior.com\/index.php\/2025\/01\/27\/alexis-zabala-el-subcampeon-de-jesus-maria-fue-recibido-con-alegria-en-la-tierra-donde-nacio\/","title":{"rendered":"Alexis Zabala, el subcampe\u00f3n de Jes\u00fas Mar\u00eda fue recibido con alegr\u00eda en la tierra donde naci\u00f3"},"content":{"rendered":"\n<p><\/p>\n\n\n\n<p>El destacado jinete lleg\u00f3 a Buena Esperanza con caravana incluida, donde familiares y cercanos festejaron su visita.<\/p>\n\n\n\n<p>Cabe destacar que Alexis participar\u00e1 del Gran Encuentro de Doma que se har\u00e1 en dicha localidad el pr\u00f3ximo 8 de febrero.<\/p>\n\n\n\n<figure class=\"wp-block-gallery has-nested-images columns-default is-cropped wp-block-gallery-1 is-layout-flex wp-block-gallery-is-layout-flex\">\n<figure class=\"wp-block-image size-large\"><img fetchpriority=\"high\" decoding=\"async\" width=\"720\" height=\"567\" data-id=\"3602\" src=\"https:\/\/vecinosdelinterior.com\/wp-content\/uploads\/2025\/01\/475237529_593824623396401_7433429307714575000_n-1.jpg\" alt=\"\" class=\"wp-image-3602\" srcset=\"https:\/\/vecinosdelinterior.com\/wp-content\/uploads\/2025\/01\/475237529_593824623396401_7433429307714575000_n-1.jpg 720w, https:\/\/vecinosdelinterior.com\/wp-content\/uploads\/2025\/01\/475237529_593824623396401_7433429307714575000_n-1-300x236.jpg 300w\" sizes=\"(max-width: 720px) 100vw, 720px\" \/><\/figure>\n\n\n\n<figure class=\"wp-block-image size-large\"><img decoding=\"async\" width=\"720\" height=\"540\" data-id=\"3604\" src=\"https:\/\/vecinosdelinterior.com\/wp-content\/uploads\/2025\/01\/475207678_593824700063060_4002704709432320031_n.jpg\" alt=\"\" class=\"wp-image-3604\" srcset=\"https:\/\/vecinosdelinterior.com\/wp-content\/uploads\/2025\/01\/475207678_593824700063060_4002704709432320031_n.jpg 720w, https:\/\/vecinosdelinterior.com\/wp-content\/uploads\/2025\/01\/475207678_593824700063060_4002704709432320031_n-300x225.jpg 300w\" sizes=\"(max-width: 720px) 100vw, 720px\" \/><\/figure>\n\n\n\n<figure class=\"wp-block-image size-large\"><img decoding=\"async\" width=\"1024\" height=\"576\" data-id=\"3603\" src=\"https:\/\/vecinosdelinterior.com\/wp-content\/uploads\/2025\/01\/475108488_593824730063057_8356843215070150734_n-1024x576.jpg\" alt=\"\" class=\"wp-image-3603\" srcset=\"https:\/\/vecinosdelinterior.com\/wp-content\/uploads\/2025\/01\/475108488_593824730063057_8356843215070150734_n-1024x576.jpg 1024w, https:\/\/vecinosdelinterior.com\/wp-content\/uploads\/2025\/01\/475108488_593824730063057_8356843215070150734_n-300x169.jpg 300w, https:\/\/vecinosdelinterior.com\/wp-content\/uploads\/2025\/01\/475108488_593824730063057_8356843215070150734_n-768x432.jpg 768w, https:\/\/vecinosdelinterior.com\/wp-content\/uploads\/2025\/01\/475108488_593824730063057_8356843215070150734_n-750x422.jpg 750w, https:\/\/vecinosdelinterior.com\/wp-content\/uploads\/2025\/01\/475108488_593824730063057_8356843215070150734_n.jpg 1080w\" sizes=\"(max-width: 1024px) 100vw, 1024px\" \/><\/figure>\n<\/figure>\n\n\n\n<p>Fotos: Alguien te lo tienen que contar<\/p>\n","protected":false},"excerpt":{"rendered":"<p>El destacado jinete lleg\u00f3 a Buena Esperanza con caravana incluida, donde familiares y cercanos festejaron su visita. Cabe destacar que Alexis participar\u00e1 del Gran Encuentro de Doma que se har\u00e1 en dicha localidad el pr\u00f3ximo 8 de febrero. Fotos: Alguien te lo tienen que contar<\/p>\n","protected":false},"author":1,"featured_media":3602,"comment_status":"open","ping_status":"open","sticky":false,"template":"","format":"standard","meta":{"footnotes":""},"categories":[8,54],"tags":[],"class_list":["post-3600","post","type-post","status-publish","format-standard","has-post-thumbnail","hentry","category-ayacucho","category-quines-ayacucho"],"_links":{"self":[{"href":"https:\/\/vecinosdelinterior.com\/index.php\/wp-json\/wp\/v2\/posts\/3600","targetHints":{"allow":["GET"]}}],"collection":[{"href":"https:\/\/vecinosdelinterior.com\/index.php\/wp-json\/wp\/v2\/posts"}],"about":[{"href":"https:\/\/vecinosdelinterior.com\/index.php\/wp-json\/wp\/v2\/types\/post"}],"author":[{"embeddable":true,"href":"https:\/\/vecinosdelinterior.com\/index.php\/wp-json\/wp\/v2\/users\/1"}],"replies":[{"embeddable":true,"href":"https:\/\/vecinosdelinterior.com\/index.php\/wp-json\/wp\/v2\/comments?post=3600"}],"version-history":[{"count":1,"href":"https:\/\/vecinosdelinterior.com\/index.php\/wp-json\/wp\/v2\/posts\/3600\/revisions"}],"predecessor-version":[{"id":3605,"href":"https:\/\/vecinosdelinterior.com\/index.php\/wp-json\/wp\/v2\/posts\/3600\/revisions\/3605"}],"wp:featuredmedia":[{"embeddable":true,"href":"https:\/\/vecinosdelinterior.com\/index.php\/wp-json\/wp\/v2\/media\/3602"}],"wp:attachment":[{"href":"https:\/\/vecinosdelinterior.com\/index.php\/wp-json\/wp\/v2\/media?parent=3600"}],"wp:term":[{"taxonomy":"category","embeddable":true,"href":"https:\/\/vecinosdelinterior.com\/index.php\/wp-json\/wp\/v2\/categories?post=3600"},{"taxonomy":"post_tag","embeddable":true,"href":"https:\/\/vecinosdelinterior.com\/index.php\/wp-json\/wp\/v2\/tags?post=3600"}],"curies":[{"name":"wp","href":"https:\/\/api.w.org\/{rel}","templated":true}]}}