{"id":3612,"date":"2025-01-28T08:30:00","date_gmt":"2025-01-28T11:30:00","guid":{"rendered":"https:\/\/vecinosdelinterior.com\/?p=3612"},"modified":"2025-01-28T12:31:44","modified_gmt":"2025-01-28T15:31:44","slug":"candelaria-se-prepara-la-gran-fiesta-del-melon","status":"publish","type":"post","link":"https:\/\/vecinosdelinterior.com\/index.php\/2025\/01\/28\/candelaria-se-prepara-la-gran-fiesta-del-melon\/","title":{"rendered":"Candelaria se prepara la Gran Fiesta del Mel\u00f3n"},"content":{"rendered":"\n<p>Ser\u00e1n dos noches plenas, el pr\u00f3ximo 14 y 15 de febrero.<br>El valor de las entradas ser\u00e1 de $5000 por noche .<br>El viernes 14 de febrero actuar\u00e1n:<br>Sele Vera &amp; Los Pampas,<br>TRU-LA-LA,<br>Voces del Pueblo,<br>Los Legales<br>y el ballet Estaci\u00f3n Danza.<br>El s\u00e1bado 15 de febrero, ser\u00e1 para:<br>DESAKT2,<br>Banda Mix y<br>DJ Alan<\/p>\n\n\n\n<figure class=\"wp-block-gallery has-nested-images columns-default is-cropped wp-block-gallery-1 is-layout-flex wp-block-gallery-is-layout-flex\">\n<figure class=\"wp-block-image size-large\"><img fetchpriority=\"high\" decoding=\"async\" width=\"724\" height=\"1024\" data-id=\"3614\" src=\"https:\/\/vecinosdelinterior.com\/wp-content\/uploads\/2025\/01\/475250042_1233593192137063_3929683357530969437_n-724x1024.jpg\" alt=\"\" class=\"wp-image-3614\" srcset=\"https:\/\/vecinosdelinterior.com\/wp-content\/uploads\/2025\/01\/475250042_1233593192137063_3929683357530969437_n-724x1024.jpg 724w, https:\/\/vecinosdelinterior.com\/wp-content\/uploads\/2025\/01\/475250042_1233593192137063_3929683357530969437_n-212x300.jpg 212w, https:\/\/vecinosdelinterior.com\/wp-content\/uploads\/2025\/01\/475250042_1233593192137063_3929683357530969437_n-768x1086.jpg 768w, https:\/\/vecinosdelinterior.com\/wp-content\/uploads\/2025\/01\/475250042_1233593192137063_3929683357530969437_n-1086x1536.jpg 1086w, https:\/\/vecinosdelinterior.com\/wp-content\/uploads\/2025\/01\/475250042_1233593192137063_3929683357530969437_n-750x1060.jpg 750w, https:\/\/vecinosdelinterior.com\/wp-content\/uploads\/2025\/01\/475250042_1233593192137063_3929683357530969437_n-1140x1612.jpg 1140w, https:\/\/vecinosdelinterior.com\/wp-content\/uploads\/2025\/01\/475250042_1233593192137063_3929683357530969437_n.jpg 1414w\" sizes=\"(max-width: 724px) 100vw, 724px\" \/><\/figure>\n\n\n\n<figure class=\"wp-block-image size-large\"><img decoding=\"async\" width=\"417\" height=\"590\" data-id=\"3613\" src=\"https:\/\/vecinosdelinterior.com\/wp-content\/uploads\/2025\/01\/475106362_1233593215470394_4907852050692062735_n-1.jpg\" alt=\"\" class=\"wp-image-3613\" srcset=\"https:\/\/vecinosdelinterior.com\/wp-content\/uploads\/2025\/01\/475106362_1233593215470394_4907852050692062735_n-1.jpg 417w, https:\/\/vecinosdelinterior.com\/wp-content\/uploads\/2025\/01\/475106362_1233593215470394_4907852050692062735_n-1-212x300.jpg 212w\" sizes=\"(max-width: 417px) 100vw, 417px\" \/><\/figure>\n<\/figure>\n","protected":false},"excerpt":{"rendered":"<p>Ser\u00e1n dos noches plenas, el pr\u00f3ximo 14 y 15 de febrero.El valor de las entradas ser\u00e1 de $5000 por noche .El viernes 14 de febrero actuar\u00e1n:Sele Vera &amp; Los Pampas,TRU-LA-LA,Voces del Pueblo,Los Legalesy el ballet Estaci\u00f3n Danza.El s\u00e1bado 15 de febrero, ser\u00e1 para:DESAKT2,Banda Mix yDJ Alan<\/p>\n","protected":false},"author":1,"featured_media":3614,"comment_status":"open","ping_status":"open","sticky":false,"template":"","format":"standard","meta":{"footnotes":""},"categories":[8,51],"tags":[333],"class_list":["post-3612","post","type-post","status-publish","format-standard","has-post-thumbnail","hentry","category-ayacucho","category-candelaria","tag-festivales"],"_links":{"self":[{"href":"https:\/\/vecinosdelinterior.com\/index.php\/wp-json\/wp\/v2\/posts\/3612","targetHints":{"allow":["GET"]}}],"collection":[{"href":"https:\/\/vecinosdelinterior.com\/index.php\/wp-json\/wp\/v2\/posts"}],"about":[{"href":"https:\/\/vecinosdelinterior.com\/index.php\/wp-json\/wp\/v2\/types\/post"}],"author":[{"embeddable":true,"href":"https:\/\/vecinosdelinterior.com\/index.php\/wp-json\/wp\/v2\/users\/1"}],"replies":[{"embeddable":true,"href":"https:\/\/vecinosdelinterior.com\/index.php\/wp-json\/wp\/v2\/comments?post=3612"}],"version-history":[{"count":1,"href":"https:\/\/vecinosdelinterior.com\/index.php\/wp-json\/wp\/v2\/posts\/3612\/revisions"}],"predecessor-version":[{"id":3615,"href":"https:\/\/vecinosdelinterior.com\/index.php\/wp-json\/wp\/v2\/posts\/3612\/revisions\/3615"}],"wp:featuredmedia":[{"embeddable":true,"href":"https:\/\/vecinosdelinterior.com\/index.php\/wp-json\/wp\/v2\/media\/3614"}],"wp:attachment":[{"href":"https:\/\/vecinosdelinterior.com\/index.php\/wp-json\/wp\/v2\/media?parent=3612"}],"wp:term":[{"taxonomy":"category","embeddable":true,"href":"https:\/\/vecinosdelinterior.com\/index.php\/wp-json\/wp\/v2\/categories?post=3612"},{"taxonomy":"post_tag","embeddable":true,"href":"https:\/\/vecinosdelinterior.com\/index.php\/wp-json\/wp\/v2\/tags?post=3612"}],"curies":[{"name":"wp","href":"https:\/\/api.w.org\/{rel}","templated":true}]}}