{"id":3619,"date":"2025-01-28T14:10:00","date_gmt":"2025-01-28T17:10:00","guid":{"rendered":"https:\/\/vecinosdelinterior.com\/?p=3619"},"modified":"2025-01-28T14:20:21","modified_gmt":"2025-01-28T17:20:21","slug":"tilisarao-encuentran-un-oso-melero-en-una-viviendas","status":"publish","type":"post","link":"https:\/\/vecinosdelinterior.com\/index.php\/2025\/01\/28\/tilisarao-encuentran-un-oso-melero-en-una-viviendas\/","title":{"rendered":"Tilisarao: encuentran un oso melero en una vivienda"},"content":{"rendered":"\n<p>Este martes por la ma\u00f1ana, efectivos de la brigada de la Polic\u00eda Ecol\u00f3gica y Ambiental Concar\u00e1n, llevaron a cabo un procedimiento en la localidad de Tilisarao, donde pusieron al resguardo un ejemplar de oso melero.<br>El animal apareci\u00f3 en un domicilio ubicado en calle Dr. Frattaroli, en el barrio Las Quintas. La due\u00f1a de la vivienda fue quien encontr\u00f3 al animal en su propiedad, intentando trepar una ventana y, por tal motivo, dio aviso a la Polic\u00eda.<\/p>\n\n\n\n<figure class=\"wp-block-gallery has-nested-images columns-default is-cropped wp-block-gallery-1 is-layout-flex wp-block-gallery-is-layout-flex\">\n<figure class=\"wp-block-image size-large\"><img fetchpriority=\"high\" decoding=\"async\" width=\"576\" height=\"1024\" data-id=\"3620\" src=\"https:\/\/vecinosdelinterior.com\/wp-content\/uploads\/2025\/01\/474950903_478016898682335_3845097972174010502_n-576x1024.jpg\" alt=\"\" class=\"wp-image-3620\" srcset=\"https:\/\/vecinosdelinterior.com\/wp-content\/uploads\/2025\/01\/474950903_478016898682335_3845097972174010502_n-576x1024.jpg 576w, https:\/\/vecinosdelinterior.com\/wp-content\/uploads\/2025\/01\/474950903_478016898682335_3845097972174010502_n-169x300.jpg 169w, https:\/\/vecinosdelinterior.com\/wp-content\/uploads\/2025\/01\/474950903_478016898682335_3845097972174010502_n.jpg 720w\" sizes=\"(max-width: 576px) 100vw, 576px\" \/><\/figure>\n\n\n\n<figure class=\"wp-block-image size-large\"><img decoding=\"async\" width=\"497\" height=\"600\" data-id=\"3621\" src=\"https:\/\/vecinosdelinterior.com\/wp-content\/uploads\/2025\/01\/475228085_478016862015672_3986267432867656002_n.jpg\" alt=\"\" class=\"wp-image-3621\" srcset=\"https:\/\/vecinosdelinterior.com\/wp-content\/uploads\/2025\/01\/475228085_478016862015672_3986267432867656002_n.jpg 497w, https:\/\/vecinosdelinterior.com\/wp-content\/uploads\/2025\/01\/475228085_478016862015672_3986267432867656002_n-249x300.jpg 249w\" sizes=\"(max-width: 497px) 100vw, 497px\" \/><\/figure>\n<\/figure>\n\n\n\n<p><br>En ese sentido, los efectivos de la Polic\u00eda Ecol\u00f3gica y Ambiental acudieron al lugar y pusieron al resguardo al animal y lo trasladaron al Centro de Conservaci\u00f3n de Vida Silvestre ubicado en La Florida.<br>Desde la Secretar\u00eda de Ambiente y Desarrollo Sustentable de la Provincia informaron que el oso melero se trata de un animal aut\u00f3ctono, ya que habita desde hace varios a\u00f1os en la zona norte de la provincia de San Luis.<\/p>\n","protected":false},"excerpt":{"rendered":"<p>Este martes por la ma\u00f1ana, efectivos de la brigada de la Polic\u00eda Ecol\u00f3gica y Ambiental Concar\u00e1n, llevaron a cabo un procedimiento en la localidad de Tilisarao, donde pusieron al resguardo un ejemplar de oso melero.El animal apareci\u00f3 en un domicilio ubicado en calle Dr. Frattaroli, en el barrio Las Quintas. La due\u00f1a de la vivienda [&hellip;]<\/p>\n","protected":false},"author":1,"featured_media":3621,"comment_status":"open","ping_status":"open","sticky":false,"template":"","format":"standard","meta":{"footnotes":""},"categories":[29,30],"tags":[176],"class_list":["post-3619","post","type-post","status-publish","format-standard","has-post-thumbnail","hentry","category-chacabuco","category-tilisarao","tag-medioambiente"],"_links":{"self":[{"href":"https:\/\/vecinosdelinterior.com\/index.php\/wp-json\/wp\/v2\/posts\/3619","targetHints":{"allow":["GET"]}}],"collection":[{"href":"https:\/\/vecinosdelinterior.com\/index.php\/wp-json\/wp\/v2\/posts"}],"about":[{"href":"https:\/\/vecinosdelinterior.com\/index.php\/wp-json\/wp\/v2\/types\/post"}],"author":[{"embeddable":true,"href":"https:\/\/vecinosdelinterior.com\/index.php\/wp-json\/wp\/v2\/users\/1"}],"replies":[{"embeddable":true,"href":"https:\/\/vecinosdelinterior.com\/index.php\/wp-json\/wp\/v2\/comments?post=3619"}],"version-history":[{"count":2,"href":"https:\/\/vecinosdelinterior.com\/index.php\/wp-json\/wp\/v2\/posts\/3619\/revisions"}],"predecessor-version":[{"id":3623,"href":"https:\/\/vecinosdelinterior.com\/index.php\/wp-json\/wp\/v2\/posts\/3619\/revisions\/3623"}],"wp:featuredmedia":[{"embeddable":true,"href":"https:\/\/vecinosdelinterior.com\/index.php\/wp-json\/wp\/v2\/media\/3621"}],"wp:attachment":[{"href":"https:\/\/vecinosdelinterior.com\/index.php\/wp-json\/wp\/v2\/media?parent=3619"}],"wp:term":[{"taxonomy":"category","embeddable":true,"href":"https:\/\/vecinosdelinterior.com\/index.php\/wp-json\/wp\/v2\/categories?post=3619"},{"taxonomy":"post_tag","embeddable":true,"href":"https:\/\/vecinosdelinterior.com\/index.php\/wp-json\/wp\/v2\/tags?post=3619"}],"curies":[{"name":"wp","href":"https:\/\/api.w.org\/{rel}","templated":true}]}}