{"id":3633,"date":"2025-01-29T14:05:00","date_gmt":"2025-01-29T17:05:00","guid":{"rendered":"https:\/\/vecinosdelinterior.com\/?p=3633"},"modified":"2025-01-29T14:10:01","modified_gmt":"2025-01-29T17:10:01","slug":"la-upro-extiende-las-inscripciones-hasta-el-7-de-febrero","status":"publish","type":"post","link":"https:\/\/vecinosdelinterior.com\/index.php\/2025\/01\/29\/la-upro-extiende-las-inscripciones-hasta-el-7-de-febrero\/","title":{"rendered":"La UPrO extiende las inscripciones hasta el 7 de febrero"},"content":{"rendered":"\n<p><\/p>\n\n\n\n<p>La Universidad Provincial de Oficios (UPrO) ampl\u00eda el plazo de inscripciones hasta el 7 de febrero en todas sus sedes, exclusivamente para las carreras que a\u00fan tienen cupos disponibles.<\/p>\n\n\n\n<p>Los interesados pueden consultar las opciones con lugares disponibles en la publicaci\u00f3n fijada en las redes sociales de la instituci\u00f3n, @uprosanluis, o acercarse directamente a la sede m\u00e1s cercana. El horario de atenci\u00f3n es de 8:00 a 22:00. Para la inscripci\u00f3n es necesario presentar DNI f\u00edsico y, si se tiene menos de 25 a\u00f1os, el certificado anal\u00edtico del secundario.<\/p>\n\n\n\n<figure class=\"wp-block-image size-large\"><img fetchpriority=\"high\" decoding=\"async\" width=\"819\" height=\"1024\" src=\"https:\/\/vecinosdelinterior.com\/wp-content\/uploads\/2025\/01\/feed-nvas-fechas_2-819x1024.png\" alt=\"\" class=\"wp-image-3634\" srcset=\"https:\/\/vecinosdelinterior.com\/wp-content\/uploads\/2025\/01\/feed-nvas-fechas_2-819x1024.png 819w, https:\/\/vecinosdelinterior.com\/wp-content\/uploads\/2025\/01\/feed-nvas-fechas_2-240x300.png 240w, https:\/\/vecinosdelinterior.com\/wp-content\/uploads\/2025\/01\/feed-nvas-fechas_2-768x960.png 768w, https:\/\/vecinosdelinterior.com\/wp-content\/uploads\/2025\/01\/feed-nvas-fechas_2-1229x1536.png 1229w, https:\/\/vecinosdelinterior.com\/wp-content\/uploads\/2025\/01\/feed-nvas-fechas_2-1638x2048.png 1638w, https:\/\/vecinosdelinterior.com\/wp-content\/uploads\/2025\/01\/feed-nvas-fechas_2-750x938.png 750w, https:\/\/vecinosdelinterior.com\/wp-content\/uploads\/2025\/01\/feed-nvas-fechas_2-1140x1425.png 1140w\" sizes=\"(max-width: 819px) 100vw, 819px\" \/><\/figure>\n\n\n\n<p>Adem\u00e1s, la UPrO contin\u00faa recorriendo la provincia con su circuito de inscripciones, acerc\u00e1ndose a distintas localidades para garantizar que todos los futuros estudiantes tengan acceso a la informaci\u00f3n. Los ingresantes que hayan completado la nivelaci\u00f3n en la primera instancia podr\u00e1n acceder a transporte gratuito para facilitar su llegada a las sedes.<\/p>\n\n\n\n<p>ACTUALIZACION DE FECHAS<\/p>\n\n\n\n<p>Curso de nivelaci\u00f3n: comenzar\u00e1 el 10 de febrero.<\/p>\n\n\n\n<p>Inicio de clases: se pospone al 17 de marzo.<\/p>\n\n\n\n<p>Adem\u00e1s, se recomienda estar atentos al nuevo calendario acad\u00e9mico para m\u00e1s actualizaciones sobre los plazos y las fechas m\u00e1s importantes. Para m\u00e1s detalles, se sugiere seguir las redes sociales de la UPrO.<\/p>\n","protected":false},"excerpt":{"rendered":"<p>La Universidad Provincial de Oficios (UPrO) ampl\u00eda el plazo de inscripciones hasta el 7 de febrero en todas sus sedes, exclusivamente para las carreras que a\u00fan tienen cupos disponibles. Los interesados pueden consultar las opciones con lugares disponibles en la publicaci\u00f3n fijada en las redes sociales de la instituci\u00f3n, @uprosanluis, o acercarse directamente a la [&hellip;]<\/p>\n","protected":false},"author":1,"featured_media":3635,"comment_status":"open","ping_status":"open","sticky":false,"template":"","format":"standard","meta":{"footnotes":""},"categories":[8,92,29,16,23,98,2,67],"tags":[136],"class_list":["post-3633","post","type-post","status-publish","format-standard","has-post-thumbnail","hentry","category-ayacucho","category-belgrano","category-chacabuco","category-dupuy","category-junin","category-pedernera","category-pringles","category-san-martin","tag-upro"],"_links":{"self":[{"href":"https:\/\/vecinosdelinterior.com\/index.php\/wp-json\/wp\/v2\/posts\/3633","targetHints":{"allow":["GET"]}}],"collection":[{"href":"https:\/\/vecinosdelinterior.com\/index.php\/wp-json\/wp\/v2\/posts"}],"about":[{"href":"https:\/\/vecinosdelinterior.com\/index.php\/wp-json\/wp\/v2\/types\/post"}],"author":[{"embeddable":true,"href":"https:\/\/vecinosdelinterior.com\/index.php\/wp-json\/wp\/v2\/users\/1"}],"replies":[{"embeddable":true,"href":"https:\/\/vecinosdelinterior.com\/index.php\/wp-json\/wp\/v2\/comments?post=3633"}],"version-history":[{"count":1,"href":"https:\/\/vecinosdelinterior.com\/index.php\/wp-json\/wp\/v2\/posts\/3633\/revisions"}],"predecessor-version":[{"id":3636,"href":"https:\/\/vecinosdelinterior.com\/index.php\/wp-json\/wp\/v2\/posts\/3633\/revisions\/3636"}],"wp:featuredmedia":[{"embeddable":true,"href":"https:\/\/vecinosdelinterior.com\/index.php\/wp-json\/wp\/v2\/media\/3635"}],"wp:attachment":[{"href":"https:\/\/vecinosdelinterior.com\/index.php\/wp-json\/wp\/v2\/media?parent=3633"}],"wp:term":[{"taxonomy":"category","embeddable":true,"href":"https:\/\/vecinosdelinterior.com\/index.php\/wp-json\/wp\/v2\/categories?post=3633"},{"taxonomy":"post_tag","embeddable":true,"href":"https:\/\/vecinosdelinterior.com\/index.php\/wp-json\/wp\/v2\/tags?post=3633"}],"curies":[{"name":"wp","href":"https:\/\/api.w.org\/{rel}","templated":true}]}}