{"id":3640,"date":"2025-01-31T10:00:00","date_gmt":"2025-01-31T13:00:00","guid":{"rendered":"https:\/\/vecinosdelinterior.com\/?p=3640"},"modified":"2025-01-31T10:29:05","modified_gmt":"2025-01-31T13:29:05","slug":"papagayos-se-vestira-de-fiesta-con-su-24-edicion-del-festival-de-la-palmera-caranday","status":"publish","type":"post","link":"https:\/\/vecinosdelinterior.com\/index.php\/2025\/01\/31\/papagayos-se-vestira-de-fiesta-con-su-24-edicion-del-festival-de-la-palmera-caranday\/","title":{"rendered":"Papagayos se vestir\u00e1 de fiesta con su 24\u00b0 edici\u00f3n del Festival de la Palmera Caranday"},"content":{"rendered":"\n<p>La localidad del departamento Chacabuco vivir\u00e1 un fin de semana a pura tradici\u00f3n con un festival que tendr\u00e1 distintas expresiones folcl\u00f3ricas, desfile de agrupaciones gauchas, doma y encuentro de tropillas.<br>El s\u00e1bado 1\u00b0 de febrero, con entrada libre y gratuita, la plaza Sarmiento concentrar\u00e1 a las agrupaciones gauchas a partir de las 18:30. Tras el izamiento del Pabell\u00f3n Nacional y la entonaci\u00f3n del Himno Nacional Argentino, desfilar\u00e1n al comp\u00e1s de la marcha \u2018Coraz\u00f3n de Bombo\u2019 para dar por iniciado el festival, alrededor de las 21:30.<\/p>\n\n\n\n<figure class=\"wp-block-gallery has-nested-images columns-default is-cropped wp-block-gallery-1 is-layout-flex wp-block-gallery-is-layout-flex\">\n<figure class=\"wp-block-image size-large\"><img fetchpriority=\"high\" decoding=\"async\" width=\"900\" height=\"600\" data-id=\"3641\" src=\"https:\/\/vecinosdelinterior.com\/wp-content\/uploads\/2025\/01\/FAU_5898_1-900x600-1.jpg\" alt=\"\" class=\"wp-image-3641\" srcset=\"https:\/\/vecinosdelinterior.com\/wp-content\/uploads\/2025\/01\/FAU_5898_1-900x600-1.jpg 900w, https:\/\/vecinosdelinterior.com\/wp-content\/uploads\/2025\/01\/FAU_5898_1-900x600-1-300x200.jpg 300w, https:\/\/vecinosdelinterior.com\/wp-content\/uploads\/2025\/01\/FAU_5898_1-900x600-1-768x512.jpg 768w, https:\/\/vecinosdelinterior.com\/wp-content\/uploads\/2025\/01\/FAU_5898_1-900x600-1-750x500.jpg 750w\" sizes=\"(max-width: 900px) 100vw, 900px\" \/><\/figure>\n\n\n\n<figure class=\"wp-block-image size-large\"><img decoding=\"async\" width=\"1024\" height=\"1024\" data-id=\"3643\" src=\"https:\/\/vecinosdelinterior.com\/wp-content\/uploads\/2025\/01\/WhatsApp-Image-2025-01-30-at-12.15.13-1024x1024.jpeg\" alt=\"\" class=\"wp-image-3643\" srcset=\"https:\/\/vecinosdelinterior.com\/wp-content\/uploads\/2025\/01\/WhatsApp-Image-2025-01-30-at-12.15.13-1024x1024.jpeg 1024w, https:\/\/vecinosdelinterior.com\/wp-content\/uploads\/2025\/01\/WhatsApp-Image-2025-01-30-at-12.15.13-300x300.jpeg 300w, https:\/\/vecinosdelinterior.com\/wp-content\/uploads\/2025\/01\/WhatsApp-Image-2025-01-30-at-12.15.13-150x150.jpeg 150w, https:\/\/vecinosdelinterior.com\/wp-content\/uploads\/2025\/01\/WhatsApp-Image-2025-01-30-at-12.15.13-768x768.jpeg 768w, https:\/\/vecinosdelinterior.com\/wp-content\/uploads\/2025\/01\/WhatsApp-Image-2025-01-30-at-12.15.13-75x75.jpeg 75w, https:\/\/vecinosdelinterior.com\/wp-content\/uploads\/2025\/01\/WhatsApp-Image-2025-01-30-at-12.15.13-750x750.jpeg 750w, https:\/\/vecinosdelinterior.com\/wp-content\/uploads\/2025\/01\/WhatsApp-Image-2025-01-30-at-12.15.13.jpeg 1080w\" sizes=\"(max-width: 1024px) 100vw, 1024px\" \/><\/figure>\n\n\n\n<figure class=\"wp-block-image size-large\"><img decoding=\"async\" width=\"1024\" height=\"1024\" data-id=\"3642\" src=\"https:\/\/vecinosdelinterior.com\/wp-content\/uploads\/2025\/01\/WhatsApp-Image-2025-01-30-at-12.15.12-1-1024x1024.jpeg\" alt=\"\" class=\"wp-image-3642\" srcset=\"https:\/\/vecinosdelinterior.com\/wp-content\/uploads\/2025\/01\/WhatsApp-Image-2025-01-30-at-12.15.12-1-1024x1024.jpeg 1024w, https:\/\/vecinosdelinterior.com\/wp-content\/uploads\/2025\/01\/WhatsApp-Image-2025-01-30-at-12.15.12-1-300x300.jpeg 300w, https:\/\/vecinosdelinterior.com\/wp-content\/uploads\/2025\/01\/WhatsApp-Image-2025-01-30-at-12.15.12-1-150x150.jpeg 150w, https:\/\/vecinosdelinterior.com\/wp-content\/uploads\/2025\/01\/WhatsApp-Image-2025-01-30-at-12.15.12-1-768x768.jpeg 768w, https:\/\/vecinosdelinterior.com\/wp-content\/uploads\/2025\/01\/WhatsApp-Image-2025-01-30-at-12.15.12-1-75x75.jpeg 75w, https:\/\/vecinosdelinterior.com\/wp-content\/uploads\/2025\/01\/WhatsApp-Image-2025-01-30-at-12.15.12-1-750x750.jpeg 750w, https:\/\/vecinosdelinterior.com\/wp-content\/uploads\/2025\/01\/WhatsApp-Image-2025-01-30-at-12.15.12-1.jpeg 1080w\" sizes=\"(max-width: 1024px) 100vw, 1024px\" \/><\/figure>\n<\/figure>\n\n\n\n<p><br>Entre los artistas que animar\u00e1n la jornada, estar\u00e1n el ballet Amancay, Arambaleba, Achireros, Los Trajinantes, Los Magn\u00edficos del Litoral y Facundo Guti\u00e9rrez.<br>El domingo 2 de febrero, con un valor de entrada a $8.000, la actividad se muda al Campo de Doma \u2018Jos\u00e9 E. Flores\u2019 (sobre la Ruta N\u00b040) donde se realizar\u00e1 la competencia de doma y el encuentro de tropillas con caballadas de R\u00edo Cuarto, La Punilla, Alpa Corral, San Bartolom\u00e9, Achiras, Cortaderas, Carpinter\u00eda, Las Tapias, entre varias locales. El evento reparte una importante suma de dinero en efectivo, lo conducir\u00e1 Jos\u00e9 \u2018Peque\u00f1o\u2019 L\u00f3pez, con la actuaci\u00f3n del payador Facundo Miranda. El cierre bailable estar\u00e1 a cargo de Clandestino Chamam\u00e9.<\/p>\n","protected":false},"excerpt":{"rendered":"<p>La localidad del departamento Chacabuco vivir\u00e1 un fin de semana a pura tradici\u00f3n con un festival que tendr\u00e1 distintas expresiones folcl\u00f3ricas, desfile de agrupaciones gauchas, doma y encuentro de tropillas.El s\u00e1bado 1\u00b0 de febrero, con entrada libre y gratuita, la plaza Sarmiento concentrar\u00e1 a las agrupaciones gauchas a partir de las 18:30. Tras el izamiento [&hellip;]<\/p>\n","protected":false},"author":1,"featured_media":3643,"comment_status":"open","ping_status":"open","sticky":false,"template":"","format":"standard","meta":{"footnotes":""},"categories":[29,416],"tags":[],"class_list":["post-3640","post","type-post","status-publish","format-standard","has-post-thumbnail","hentry","category-chacabuco","category-papagayos"],"_links":{"self":[{"href":"https:\/\/vecinosdelinterior.com\/index.php\/wp-json\/wp\/v2\/posts\/3640","targetHints":{"allow":["GET"]}}],"collection":[{"href":"https:\/\/vecinosdelinterior.com\/index.php\/wp-json\/wp\/v2\/posts"}],"about":[{"href":"https:\/\/vecinosdelinterior.com\/index.php\/wp-json\/wp\/v2\/types\/post"}],"author":[{"embeddable":true,"href":"https:\/\/vecinosdelinterior.com\/index.php\/wp-json\/wp\/v2\/users\/1"}],"replies":[{"embeddable":true,"href":"https:\/\/vecinosdelinterior.com\/index.php\/wp-json\/wp\/v2\/comments?post=3640"}],"version-history":[{"count":1,"href":"https:\/\/vecinosdelinterior.com\/index.php\/wp-json\/wp\/v2\/posts\/3640\/revisions"}],"predecessor-version":[{"id":3644,"href":"https:\/\/vecinosdelinterior.com\/index.php\/wp-json\/wp\/v2\/posts\/3640\/revisions\/3644"}],"wp:featuredmedia":[{"embeddable":true,"href":"https:\/\/vecinosdelinterior.com\/index.php\/wp-json\/wp\/v2\/media\/3643"}],"wp:attachment":[{"href":"https:\/\/vecinosdelinterior.com\/index.php\/wp-json\/wp\/v2\/media?parent=3640"}],"wp:term":[{"taxonomy":"category","embeddable":true,"href":"https:\/\/vecinosdelinterior.com\/index.php\/wp-json\/wp\/v2\/categories?post=3640"},{"taxonomy":"post_tag","embeddable":true,"href":"https:\/\/vecinosdelinterior.com\/index.php\/wp-json\/wp\/v2\/tags?post=3640"}],"curies":[{"name":"wp","href":"https:\/\/api.w.org\/{rel}","templated":true}]}}