{"id":3648,"date":"2025-01-29T10:31:00","date_gmt":"2025-01-29T13:31:00","guid":{"rendered":"https:\/\/vecinosdelinterior.com\/?p=3648"},"modified":"2025-01-31T10:32:58","modified_gmt":"2025-01-31T13:32:58","slug":"una-tarde-cualquiera-en-la-punta-y-te-encontras-con-un-ford-t-que-cumple-100-anos","status":"publish","type":"post","link":"https:\/\/vecinosdelinterior.com\/index.php\/2025\/01\/29\/una-tarde-cualquiera-en-la-punta-y-te-encontras-con-un-ford-t-que-cumple-100-anos\/","title":{"rendered":"Una tarde cualquiera en La Punta y te encontras con un Ford T que cumple 100 a\u00f1os"},"content":{"rendered":"\n<p>Con la elegancia que lo caracteriz\u00f3 desde sus comienzos, este hermoso Ford T sorprendi\u00f3 a m\u00e1s de un vecino de nuestra ciudad, mientras recorr\u00eda las calles del centro comercial.<br>\u00abTodo original\u00bb nos cont\u00f3 Jorge Attwell, su orgulloso due\u00f1o quien amablemente habl\u00f3 con Vecinos De La Punta .<\/p>\n\n\n\n<figure class=\"wp-block-gallery has-nested-images columns-default is-cropped wp-block-gallery-1 is-layout-flex wp-block-gallery-is-layout-flex\">\n<figure class=\"wp-block-image size-large\"><img fetchpriority=\"high\" decoding=\"async\" width=\"1024\" height=\"576\" data-id=\"3652\" src=\"https:\/\/vecinosdelinterior.com\/wp-content\/uploads\/2025\/01\/475470663_683391187593260_7661714626427075855_n-1024x576.jpg\" alt=\"\" class=\"wp-image-3652\" srcset=\"https:\/\/vecinosdelinterior.com\/wp-content\/uploads\/2025\/01\/475470663_683391187593260_7661714626427075855_n-1024x576.jpg 1024w, https:\/\/vecinosdelinterior.com\/wp-content\/uploads\/2025\/01\/475470663_683391187593260_7661714626427075855_n-300x169.jpg 300w, https:\/\/vecinosdelinterior.com\/wp-content\/uploads\/2025\/01\/475470663_683391187593260_7661714626427075855_n-768x432.jpg 768w, https:\/\/vecinosdelinterior.com\/wp-content\/uploads\/2025\/01\/475470663_683391187593260_7661714626427075855_n-1536x864.jpg 1536w, https:\/\/vecinosdelinterior.com\/wp-content\/uploads\/2025\/01\/475470663_683391187593260_7661714626427075855_n-750x422.jpg 750w, https:\/\/vecinosdelinterior.com\/wp-content\/uploads\/2025\/01\/475470663_683391187593260_7661714626427075855_n-1140x642.jpg 1140w, https:\/\/vecinosdelinterior.com\/wp-content\/uploads\/2025\/01\/475470663_683391187593260_7661714626427075855_n.jpg 2047w\" sizes=\"(max-width: 1024px) 100vw, 1024px\" \/><\/figure>\n\n\n\n<figure class=\"wp-block-image size-large\"><img decoding=\"async\" width=\"1024\" height=\"844\" data-id=\"3650\" src=\"https:\/\/vecinosdelinterior.com\/wp-content\/uploads\/2025\/01\/475731852_683390997593279_7206278319846127009_n-1024x844.jpg\" alt=\"\" class=\"wp-image-3650\" srcset=\"https:\/\/vecinosdelinterior.com\/wp-content\/uploads\/2025\/01\/475731852_683390997593279_7206278319846127009_n-1024x844.jpg 1024w, https:\/\/vecinosdelinterior.com\/wp-content\/uploads\/2025\/01\/475731852_683390997593279_7206278319846127009_n-300x247.jpg 300w, https:\/\/vecinosdelinterior.com\/wp-content\/uploads\/2025\/01\/475731852_683390997593279_7206278319846127009_n-768x633.jpg 768w, https:\/\/vecinosdelinterior.com\/wp-content\/uploads\/2025\/01\/475731852_683390997593279_7206278319846127009_n-1536x1266.jpg 1536w, https:\/\/vecinosdelinterior.com\/wp-content\/uploads\/2025\/01\/475731852_683390997593279_7206278319846127009_n-750x618.jpg 750w, https:\/\/vecinosdelinterior.com\/wp-content\/uploads\/2025\/01\/475731852_683390997593279_7206278319846127009_n-1140x939.jpg 1140w, https:\/\/vecinosdelinterior.com\/wp-content\/uploads\/2025\/01\/475731852_683390997593279_7206278319846127009_n.jpg 1704w\" sizes=\"(max-width: 1024px) 100vw, 1024px\" \/><\/figure>\n\n\n\n<figure class=\"wp-block-image size-large\"><img decoding=\"async\" width=\"1024\" height=\"576\" data-id=\"3651\" src=\"https:\/\/vecinosdelinterior.com\/wp-content\/uploads\/2025\/01\/475121725_683391107593268_2088654932981019165_n-1024x576.jpg\" alt=\"\" class=\"wp-image-3651\" srcset=\"https:\/\/vecinosdelinterior.com\/wp-content\/uploads\/2025\/01\/475121725_683391107593268_2088654932981019165_n-1024x576.jpg 1024w, https:\/\/vecinosdelinterior.com\/wp-content\/uploads\/2025\/01\/475121725_683391107593268_2088654932981019165_n-300x169.jpg 300w, https:\/\/vecinosdelinterior.com\/wp-content\/uploads\/2025\/01\/475121725_683391107593268_2088654932981019165_n-768x432.jpg 768w, https:\/\/vecinosdelinterior.com\/wp-content\/uploads\/2025\/01\/475121725_683391107593268_2088654932981019165_n-1536x864.jpg 1536w, https:\/\/vecinosdelinterior.com\/wp-content\/uploads\/2025\/01\/475121725_683391107593268_2088654932981019165_n-750x422.jpg 750w, https:\/\/vecinosdelinterior.com\/wp-content\/uploads\/2025\/01\/475121725_683391107593268_2088654932981019165_n-1140x641.jpg 1140w, https:\/\/vecinosdelinterior.com\/wp-content\/uploads\/2025\/01\/475121725_683391107593268_2088654932981019165_n.jpg 2048w\" sizes=\"(max-width: 1024px) 100vw, 1024px\" \/><\/figure>\n\n\n\n<figure class=\"wp-block-image size-large\"><img loading=\"lazy\" decoding=\"async\" width=\"600\" height=\"338\" data-id=\"3649\" src=\"https:\/\/vecinosdelinterior.com\/wp-content\/uploads\/2025\/01\/475659537_683391080926604_855118503266936921_n.jpg\" alt=\"\" class=\"wp-image-3649\" srcset=\"https:\/\/vecinosdelinterior.com\/wp-content\/uploads\/2025\/01\/475659537_683391080926604_855118503266936921_n.jpg 600w, https:\/\/vecinosdelinterior.com\/wp-content\/uploads\/2025\/01\/475659537_683391080926604_855118503266936921_n-300x169.jpg 300w\" sizes=\"(max-width: 600px) 100vw, 600px\" \/><\/figure>\n<\/figure>\n\n\n\n<p><br>Hace 8 a\u00f1os decidi\u00f3 traerlo desde La Plata d\u00f3nde lo compr\u00f3 por un motivo muy particular: su abuelo, en esas \u00e9pocas doradas tuvo un consecionario que los vend\u00eda. Fue entonces, que mucho tiempo despu\u00e9s decidi\u00f3 transformar ese recuerdo en algo m\u00e1s tangible, c\u00f3mo tener este ic\u00f3nico veh\u00edculo de la marca Ford.<br>Verlo andar es un sue\u00f1o, despierta la simpat\u00eda de quien lo cruza en su camino y, a pesar de que pronto cumplir\u00e1 100 a\u00f1os -es modelo 1924- su estado es impecable.<br>\u00ab\u00bfLo sacas a andar siempre?\u00bb le preguntamos a Jorge quien estacion\u00f3 el veh\u00edculo frente al local \u00abLa Previa\u00bb de su amigo Y nos contest\u00f3: Ja ja no! Imag\u00ednate un abuelito de casi 100 a\u00f1os que lo hagas caminar decenas de kil\u00f3metros todos los d\u00edas\u00bb .<\/p>\n\n\n\n<p>Redacci\u00f3n: Nuetro equipo de Vecinosdelapunta.net<\/p>\n","protected":false},"excerpt":{"rendered":"<p>Con la elegancia que lo caracteriz\u00f3 desde sus comienzos, este hermoso Ford T sorprendi\u00f3 a m\u00e1s de un vecino de nuestra ciudad, mientras recorr\u00eda las calles del centro comercial.\u00abTodo original\u00bb nos cont\u00f3 Jorge Attwell, su orgulloso due\u00f1o quien amablemente habl\u00f3 con Vecinos De La Punta . Hace 8 a\u00f1os decidi\u00f3 traerlo desde La Plata d\u00f3nde [&hellip;]<\/p>\n","protected":false},"author":1,"featured_media":3649,"comment_status":"open","ping_status":"open","sticky":false,"template":"","format":"standard","meta":{"footnotes":""},"categories":[1],"tags":[],"class_list":["post-3648","post","type-post","status-publish","format-standard","has-post-thumbnail","hentry","category-blog"],"_links":{"self":[{"href":"https:\/\/vecinosdelinterior.com\/index.php\/wp-json\/wp\/v2\/posts\/3648","targetHints":{"allow":["GET"]}}],"collection":[{"href":"https:\/\/vecinosdelinterior.com\/index.php\/wp-json\/wp\/v2\/posts"}],"about":[{"href":"https:\/\/vecinosdelinterior.com\/index.php\/wp-json\/wp\/v2\/types\/post"}],"author":[{"embeddable":true,"href":"https:\/\/vecinosdelinterior.com\/index.php\/wp-json\/wp\/v2\/users\/1"}],"replies":[{"embeddable":true,"href":"https:\/\/vecinosdelinterior.com\/index.php\/wp-json\/wp\/v2\/comments?post=3648"}],"version-history":[{"count":1,"href":"https:\/\/vecinosdelinterior.com\/index.php\/wp-json\/wp\/v2\/posts\/3648\/revisions"}],"predecessor-version":[{"id":3653,"href":"https:\/\/vecinosdelinterior.com\/index.php\/wp-json\/wp\/v2\/posts\/3648\/revisions\/3653"}],"wp:featuredmedia":[{"embeddable":true,"href":"https:\/\/vecinosdelinterior.com\/index.php\/wp-json\/wp\/v2\/media\/3649"}],"wp:attachment":[{"href":"https:\/\/vecinosdelinterior.com\/index.php\/wp-json\/wp\/v2\/media?parent=3648"}],"wp:term":[{"taxonomy":"category","embeddable":true,"href":"https:\/\/vecinosdelinterior.com\/index.php\/wp-json\/wp\/v2\/categories?post=3648"},{"taxonomy":"post_tag","embeddable":true,"href":"https:\/\/vecinosdelinterior.com\/index.php\/wp-json\/wp\/v2\/tags?post=3648"}],"curies":[{"name":"wp","href":"https:\/\/api.w.org\/{rel}","templated":true}]}}