{"id":3675,"date":"2025-02-03T09:54:00","date_gmt":"2025-02-03T12:54:00","guid":{"rendered":"https:\/\/vecinosdelinterior.com\/?p=3675"},"modified":"2025-02-03T12:55:58","modified_gmt":"2025-02-03T15:55:58","slug":"con-musica-y-tradicion-papagayos-brindo-a-lo-grande-en-su-24-festival-de-la-palmera-caranday","status":"publish","type":"post","link":"https:\/\/vecinosdelinterior.com\/index.php\/2025\/02\/03\/con-musica-y-tradicion-papagayos-brindo-a-lo-grande-en-su-24-festival-de-la-palmera-caranday\/","title":{"rendered":"Con m\u00fasica y tradici\u00f3n, Papagayos brind\u00f3 a lo grande en su 24\u00b0 Festival de la Palmera Caranday"},"content":{"rendered":"\n<p>La 24\u00b0 edici\u00f3n del Festival de la Palmera Caranday, comenz\u00f3 cerca de las 20:00 con la concentraci\u00f3n de agrupaciones gauchas, la entonaci\u00f3n de las estrofas del Himno Nacional Argentino y el tradicional desfile.<br>La gastronom\u00eda, uno de los platos fuertes del festival de Papagayos<br>A partir de las 21:30 y tras inaugurar el cajero autom\u00e1tico, el Gobernador Claudio Poggi y el Intendente Luis Gauna caminaron hasta la plaza Sarmiento, ubicada en Avenida Comechingones y calle 29 de Junio, que fue preparada especialmente para ser el epicentro de los festejos.<br>El folclore fue el plato fuerte del festival de Papagayos<br>Poggi y Gauna llegaron hasta sus lugares asignados y disfrutaron de una destacada grilla de artistas como el Ballet Amancay, Arambaleba, Trajinante, Los Magn\u00edficos del Litoral, Achireros y Facu Guti\u00e9rrez. Shows ue llenaron de color, alegr\u00eda y fiesta la templada noche a la vera de Los Comechingones.<br>Ma\u00f1ana la celebraci\u00f3n contin\u00faa pero en el Campo de Doma \u2018Jos\u00e9 E. Flores\u2019, situado sobre la Ruta Nacional N\u00b040, donde a partir de las 10:00 se llevar\u00e1 a cabo una destacada competencia de doma y un encuentro de tropillas. El valor de la entrada ser\u00e1 de $8.000.<\/p>\n\n\n\n<figure class=\"wp-block-gallery has-nested-images columns-default is-cropped wp-block-gallery-1 is-layout-flex wp-block-gallery-is-layout-flex\">\n<figure class=\"wp-block-image size-large\"><img fetchpriority=\"high\" decoding=\"async\" width=\"1024\" height=\"682\" data-id=\"3679\" src=\"https:\/\/vecinosdelinterior.com\/wp-content\/uploads\/2025\/02\/WhatsApp-Image-2025-02-01-at-23.06.04-1024x682.jpeg\" alt=\"\" class=\"wp-image-3679\" srcset=\"https:\/\/vecinosdelinterior.com\/wp-content\/uploads\/2025\/02\/WhatsApp-Image-2025-02-01-at-23.06.04-1024x682.jpeg 1024w, https:\/\/vecinosdelinterior.com\/wp-content\/uploads\/2025\/02\/WhatsApp-Image-2025-02-01-at-23.06.04-300x200.jpeg 300w, https:\/\/vecinosdelinterior.com\/wp-content\/uploads\/2025\/02\/WhatsApp-Image-2025-02-01-at-23.06.04-768x512.jpeg 768w, https:\/\/vecinosdelinterior.com\/wp-content\/uploads\/2025\/02\/WhatsApp-Image-2025-02-01-at-23.06.04-750x500.jpeg 750w, https:\/\/vecinosdelinterior.com\/wp-content\/uploads\/2025\/02\/WhatsApp-Image-2025-02-01-at-23.06.04-1140x760.jpeg 1140w, https:\/\/vecinosdelinterior.com\/wp-content\/uploads\/2025\/02\/WhatsApp-Image-2025-02-01-at-23.06.04.jpeg 1280w\" sizes=\"(max-width: 1024px) 100vw, 1024px\" \/><\/figure>\n\n\n\n<figure class=\"wp-block-image size-large\"><img decoding=\"async\" width=\"1024\" height=\"682\" data-id=\"3677\" src=\"https:\/\/vecinosdelinterior.com\/wp-content\/uploads\/2025\/02\/WhatsApp-Image-2025-02-01-at-23.05.59-1024x682.jpeg\" alt=\"\" class=\"wp-image-3677\" srcset=\"https:\/\/vecinosdelinterior.com\/wp-content\/uploads\/2025\/02\/WhatsApp-Image-2025-02-01-at-23.05.59-1024x682.jpeg 1024w, https:\/\/vecinosdelinterior.com\/wp-content\/uploads\/2025\/02\/WhatsApp-Image-2025-02-01-at-23.05.59-300x200.jpeg 300w, https:\/\/vecinosdelinterior.com\/wp-content\/uploads\/2025\/02\/WhatsApp-Image-2025-02-01-at-23.05.59-768x512.jpeg 768w, https:\/\/vecinosdelinterior.com\/wp-content\/uploads\/2025\/02\/WhatsApp-Image-2025-02-01-at-23.05.59-750x500.jpeg 750w, https:\/\/vecinosdelinterior.com\/wp-content\/uploads\/2025\/02\/WhatsApp-Image-2025-02-01-at-23.05.59-1140x760.jpeg 1140w, https:\/\/vecinosdelinterior.com\/wp-content\/uploads\/2025\/02\/WhatsApp-Image-2025-02-01-at-23.05.59.jpeg 1280w\" sizes=\"(max-width: 1024px) 100vw, 1024px\" \/><\/figure>\n\n\n\n<figure class=\"wp-block-image size-large\"><img decoding=\"async\" width=\"500\" height=\"412\" data-id=\"3676\" src=\"https:\/\/vecinosdelinterior.com\/wp-content\/uploads\/2025\/02\/WhatsApp-Image-2025-02-01-at-23.05.58-500x412-1.jpeg\" alt=\"\" class=\"wp-image-3676\" srcset=\"https:\/\/vecinosdelinterior.com\/wp-content\/uploads\/2025\/02\/WhatsApp-Image-2025-02-01-at-23.05.58-500x412-1.jpeg 500w, https:\/\/vecinosdelinterior.com\/wp-content\/uploads\/2025\/02\/WhatsApp-Image-2025-02-01-at-23.05.58-500x412-1-300x247.jpeg 300w\" sizes=\"(max-width: 500px) 100vw, 500px\" \/><\/figure>\n\n\n\n<figure class=\"wp-block-image size-large\"><img loading=\"lazy\" decoding=\"async\" width=\"1024\" height=\"682\" data-id=\"3678\" src=\"https:\/\/vecinosdelinterior.com\/wp-content\/uploads\/2025\/02\/WhatsApp-Image-2025-02-01-at-23.05.57-1024x682.jpeg\" alt=\"\" class=\"wp-image-3678\" srcset=\"https:\/\/vecinosdelinterior.com\/wp-content\/uploads\/2025\/02\/WhatsApp-Image-2025-02-01-at-23.05.57-1024x682.jpeg 1024w, https:\/\/vecinosdelinterior.com\/wp-content\/uploads\/2025\/02\/WhatsApp-Image-2025-02-01-at-23.05.57-300x200.jpeg 300w, https:\/\/vecinosdelinterior.com\/wp-content\/uploads\/2025\/02\/WhatsApp-Image-2025-02-01-at-23.05.57-768x512.jpeg 768w, https:\/\/vecinosdelinterior.com\/wp-content\/uploads\/2025\/02\/WhatsApp-Image-2025-02-01-at-23.05.57-750x500.jpeg 750w, https:\/\/vecinosdelinterior.com\/wp-content\/uploads\/2025\/02\/WhatsApp-Image-2025-02-01-at-23.05.57-1140x760.jpeg 1140w, https:\/\/vecinosdelinterior.com\/wp-content\/uploads\/2025\/02\/WhatsApp-Image-2025-02-01-at-23.05.57.jpeg 1280w\" sizes=\"(max-width: 1024px) 100vw, 1024px\" \/><\/figure>\n<\/figure>\n","protected":false},"excerpt":{"rendered":"<p>La 24\u00b0 edici\u00f3n del Festival de la Palmera Caranday, comenz\u00f3 cerca de las 20:00 con la concentraci\u00f3n de agrupaciones gauchas, la entonaci\u00f3n de las estrofas del Himno Nacional Argentino y el tradicional desfile.La gastronom\u00eda, uno de los platos fuertes del festival de PapagayosA partir de las 21:30 y tras inaugurar el cajero autom\u00e1tico, el Gobernador [&hellip;]<\/p>\n","protected":false},"author":1,"featured_media":3676,"comment_status":"open","ping_status":"open","sticky":false,"template":"","format":"standard","meta":{"footnotes":""},"categories":[29,416],"tags":[],"class_list":["post-3675","post","type-post","status-publish","format-standard","has-post-thumbnail","hentry","category-chacabuco","category-papagayos"],"_links":{"self":[{"href":"https:\/\/vecinosdelinterior.com\/index.php\/wp-json\/wp\/v2\/posts\/3675","targetHints":{"allow":["GET"]}}],"collection":[{"href":"https:\/\/vecinosdelinterior.com\/index.php\/wp-json\/wp\/v2\/posts"}],"about":[{"href":"https:\/\/vecinosdelinterior.com\/index.php\/wp-json\/wp\/v2\/types\/post"}],"author":[{"embeddable":true,"href":"https:\/\/vecinosdelinterior.com\/index.php\/wp-json\/wp\/v2\/users\/1"}],"replies":[{"embeddable":true,"href":"https:\/\/vecinosdelinterior.com\/index.php\/wp-json\/wp\/v2\/comments?post=3675"}],"version-history":[{"count":1,"href":"https:\/\/vecinosdelinterior.com\/index.php\/wp-json\/wp\/v2\/posts\/3675\/revisions"}],"predecessor-version":[{"id":3680,"href":"https:\/\/vecinosdelinterior.com\/index.php\/wp-json\/wp\/v2\/posts\/3675\/revisions\/3680"}],"wp:featuredmedia":[{"embeddable":true,"href":"https:\/\/vecinosdelinterior.com\/index.php\/wp-json\/wp\/v2\/media\/3676"}],"wp:attachment":[{"href":"https:\/\/vecinosdelinterior.com\/index.php\/wp-json\/wp\/v2\/media?parent=3675"}],"wp:term":[{"taxonomy":"category","embeddable":true,"href":"https:\/\/vecinosdelinterior.com\/index.php\/wp-json\/wp\/v2\/categories?post=3675"},{"taxonomy":"post_tag","embeddable":true,"href":"https:\/\/vecinosdelinterior.com\/index.php\/wp-json\/wp\/v2\/tags?post=3675"}],"curies":[{"name":"wp","href":"https:\/\/api.w.org\/{rel}","templated":true}]}}