{"id":3685,"date":"2025-02-03T13:50:00","date_gmt":"2025-02-03T16:50:00","guid":{"rendered":"https:\/\/vecinosdelinterior.com\/?p=3685"},"modified":"2025-02-04T12:00:35","modified_gmt":"2025-02-04T15:00:35","slug":"tilisarao-celebro-el-festival-de-la-flor-del-pago-y-los-inmigrantes-en-su-35a-edicion","status":"publish","type":"post","link":"https:\/\/vecinosdelinterior.com\/index.php\/2025\/02\/03\/tilisarao-celebro-el-festival-de-la-flor-del-pago-y-los-inmigrantes-en-su-35a-edicion\/","title":{"rendered":"Tilisarao celebr\u00f3 el Festival de la Flor del Pago y los Inmigrantes en su 35\u00aa edici\u00f3n"},"content":{"rendered":"\n<p><\/p>\n\n\n\n<p>Cada a\u00f1o, el Festival de la Flor del Pago y los Inmigrantes es uno de los atractivos que ayuda a posicionar a Tilisarao como un destino tur\u00edstico y cultural de referencia en el Valle del Conlara. Este tipo de eventos, por su convocatoria multitudinaria, contribuyen a fortalecer las econom\u00edas locales al generar un importante movimiento para comerciantes y emprendedores.<\/p>\n\n\n\n<figure class=\"wp-block-gallery has-nested-images columns-default is-cropped wp-block-gallery-1 is-layout-flex wp-block-gallery-is-layout-flex\">\n<figure class=\"wp-block-image size-large\"><img fetchpriority=\"high\" decoding=\"async\" width=\"1024\" height=\"683\" data-id=\"3690\" src=\"https:\/\/vecinosdelinterior.com\/wp-content\/uploads\/2025\/02\/foto13-1024x683.jpg\" alt=\"\" class=\"wp-image-3690\" srcset=\"https:\/\/vecinosdelinterior.com\/wp-content\/uploads\/2025\/02\/foto13-1024x683.jpg 1024w, https:\/\/vecinosdelinterior.com\/wp-content\/uploads\/2025\/02\/foto13-300x200.jpg 300w, https:\/\/vecinosdelinterior.com\/wp-content\/uploads\/2025\/02\/foto13-768x512.jpg 768w, https:\/\/vecinosdelinterior.com\/wp-content\/uploads\/2025\/02\/foto13-1536x1024.jpg 1536w, https:\/\/vecinosdelinterior.com\/wp-content\/uploads\/2025\/02\/foto13-750x500.jpg 750w, https:\/\/vecinosdelinterior.com\/wp-content\/uploads\/2025\/02\/foto13-1140x760.jpg 1140w, https:\/\/vecinosdelinterior.com\/wp-content\/uploads\/2025\/02\/foto13.jpg 2048w\" sizes=\"(max-width: 1024px) 100vw, 1024px\" \/><\/figure>\n\n\n\n<figure class=\"wp-block-image size-large\"><img decoding=\"async\" width=\"1024\" height=\"683\" data-id=\"3687\" src=\"https:\/\/vecinosdelinterior.com\/wp-content\/uploads\/2025\/02\/foto8-1024x683.jpg\" alt=\"\" class=\"wp-image-3687\" srcset=\"https:\/\/vecinosdelinterior.com\/wp-content\/uploads\/2025\/02\/foto8-1024x683.jpg 1024w, https:\/\/vecinosdelinterior.com\/wp-content\/uploads\/2025\/02\/foto8-300x200.jpg 300w, https:\/\/vecinosdelinterior.com\/wp-content\/uploads\/2025\/02\/foto8-768x512.jpg 768w, https:\/\/vecinosdelinterior.com\/wp-content\/uploads\/2025\/02\/foto8-1536x1024.jpg 1536w, https:\/\/vecinosdelinterior.com\/wp-content\/uploads\/2025\/02\/foto8-750x500.jpg 750w, https:\/\/vecinosdelinterior.com\/wp-content\/uploads\/2025\/02\/foto8-1140x760.jpg 1140w, https:\/\/vecinosdelinterior.com\/wp-content\/uploads\/2025\/02\/foto8.jpg 2048w\" sizes=\"(max-width: 1024px) 100vw, 1024px\" \/><\/figure>\n\n\n\n<figure class=\"wp-block-image size-large\"><img decoding=\"async\" width=\"1024\" height=\"768\" data-id=\"3689\" src=\"https:\/\/vecinosdelinterior.com\/wp-content\/uploads\/2025\/02\/foto10-1024x768.jpg\" alt=\"\" class=\"wp-image-3689\" srcset=\"https:\/\/vecinosdelinterior.com\/wp-content\/uploads\/2025\/02\/foto10-1024x768.jpg 1024w, https:\/\/vecinosdelinterior.com\/wp-content\/uploads\/2025\/02\/foto10-300x225.jpg 300w, https:\/\/vecinosdelinterior.com\/wp-content\/uploads\/2025\/02\/foto10-768x576.jpg 768w, https:\/\/vecinosdelinterior.com\/wp-content\/uploads\/2025\/02\/foto10-1536x1152.jpg 1536w, https:\/\/vecinosdelinterior.com\/wp-content\/uploads\/2025\/02\/foto10-750x563.jpg 750w, https:\/\/vecinosdelinterior.com\/wp-content\/uploads\/2025\/02\/foto10-1140x855.jpg 1140w, https:\/\/vecinosdelinterior.com\/wp-content\/uploads\/2025\/02\/foto10.jpg 2048w\" sizes=\"(max-width: 1024px) 100vw, 1024px\" \/><\/figure>\n\n\n\n<figure class=\"wp-block-image size-large\"><img loading=\"lazy\" decoding=\"async\" width=\"1024\" height=\"683\" data-id=\"3691\" src=\"https:\/\/vecinosdelinterior.com\/wp-content\/uploads\/2025\/02\/foto2-1024x683.jpg\" alt=\"\" class=\"wp-image-3691\" srcset=\"https:\/\/vecinosdelinterior.com\/wp-content\/uploads\/2025\/02\/foto2-1024x683.jpg 1024w, https:\/\/vecinosdelinterior.com\/wp-content\/uploads\/2025\/02\/foto2-300x200.jpg 300w, https:\/\/vecinosdelinterior.com\/wp-content\/uploads\/2025\/02\/foto2-768x512.jpg 768w, https:\/\/vecinosdelinterior.com\/wp-content\/uploads\/2025\/02\/foto2-1536x1025.jpg 1536w, https:\/\/vecinosdelinterior.com\/wp-content\/uploads\/2025\/02\/foto2-750x500.jpg 750w, https:\/\/vecinosdelinterior.com\/wp-content\/uploads\/2025\/02\/foto2-1140x760.jpg 1140w, https:\/\/vecinosdelinterior.com\/wp-content\/uploads\/2025\/02\/foto2.jpg 2048w\" sizes=\"(max-width: 1024px) 100vw, 1024px\" \/><\/figure>\n\n\n\n<figure class=\"wp-block-image size-large\"><img loading=\"lazy\" decoding=\"async\" width=\"500\" height=\"412\" data-id=\"3686\" src=\"https:\/\/vecinosdelinterior.com\/wp-content\/uploads\/2025\/02\/foto9-500x412-1.jpg\" alt=\"\" class=\"wp-image-3686\" srcset=\"https:\/\/vecinosdelinterior.com\/wp-content\/uploads\/2025\/02\/foto9-500x412-1.jpg 500w, https:\/\/vecinosdelinterior.com\/wp-content\/uploads\/2025\/02\/foto9-500x412-1-300x247.jpg 300w\" sizes=\"(max-width: 500px) 100vw, 500px\" \/><\/figure>\n\n\n\n<figure class=\"wp-block-image size-large\"><img loading=\"lazy\" decoding=\"async\" width=\"1024\" height=\"683\" data-id=\"3688\" src=\"https:\/\/vecinosdelinterior.com\/wp-content\/uploads\/2025\/02\/foto1-1024x683.jpg\" alt=\"\" class=\"wp-image-3688\" srcset=\"https:\/\/vecinosdelinterior.com\/wp-content\/uploads\/2025\/02\/foto1-1024x683.jpg 1024w, https:\/\/vecinosdelinterior.com\/wp-content\/uploads\/2025\/02\/foto1-300x200.jpg 300w, https:\/\/vecinosdelinterior.com\/wp-content\/uploads\/2025\/02\/foto1-768x512.jpg 768w, https:\/\/vecinosdelinterior.com\/wp-content\/uploads\/2025\/02\/foto1-1536x1024.jpg 1536w, https:\/\/vecinosdelinterior.com\/wp-content\/uploads\/2025\/02\/foto1-750x500.jpg 750w, https:\/\/vecinosdelinterior.com\/wp-content\/uploads\/2025\/02\/foto1-1140x760.jpg 1140w, https:\/\/vecinosdelinterior.com\/wp-content\/uploads\/2025\/02\/foto1.jpg 2048w\" sizes=\"(max-width: 1024px) 100vw, 1024px\" \/><\/figure>\n<\/figure>\n\n\n\n<p><\/p>\n\n\n\n<p>En la noche del s\u00e1bado, miles de personas asistieron a la edici\u00f3n 35\u00b0 de la celebraci\u00f3nm que cont\u00f3 con las actuaciones estelares de Lautaro Rojas, Sele Vera y Los Pampas, m\u00e1s El Indio Lucio Rojas, juntos a diferentes artistas y ballets locales. La festividad se desarroll\u00f3 frente al edificio municipal. Adem\u00e1s, hubo puestos de artesan\u00edas, puestos gastron\u00f3micos y un desfile de agrupaciones gauchas.<\/p>\n\n\n\n<p>Funcionarios municipales aseguraron que \u201cel festival fue un \u00e9xito rotundo\u201d, con una multitud de p\u00fablico que disfrut\u00f3 de la m\u00fasica y tradici\u00f3n. Vecinos y turistas celebraron juntos este significativo festival que es parte fundamental de la identidad cultural de la localidad.<\/p>\n\n\n\n<p>\u201cQuiero agradecer de coraz\u00f3n a todo el equipo de trabajo, a los emprendedores que llenaron de vida cada rinc\u00f3n con su esfuerzo y creatividad, a las agrupaciones gauchas que brillaron en nuestras calles, a los artistas que nos regalaron su talento y a cada persona que eligi\u00f3 ser parte de esta fiesta. Ver a la gente feliz, compartiendo y celebrando, es la mayor recompensa que podemos tener\u201d, expres\u00f3 el intendente Juan Manuel Olgu\u00edn a modo de balance.<\/p>\n","protected":false},"excerpt":{"rendered":"<p>Cada a\u00f1o, el Festival de la Flor del Pago y los Inmigrantes es uno de los atractivos que ayuda a posicionar a Tilisarao como un destino tur\u00edstico y cultural de referencia en el Valle del Conlara. Este tipo de eventos, por su convocatoria multitudinaria, contribuyen a fortalecer las econom\u00edas locales al generar un importante movimiento [&hellip;]<\/p>\n","protected":false},"author":1,"featured_media":3689,"comment_status":"open","ping_status":"open","sticky":false,"template":"","format":"standard","meta":{"footnotes":""},"categories":[30],"tags":[333],"class_list":["post-3685","post","type-post","status-publish","format-standard","has-post-thumbnail","hentry","category-tilisarao","tag-festivales"],"_links":{"self":[{"href":"https:\/\/vecinosdelinterior.com\/index.php\/wp-json\/wp\/v2\/posts\/3685","targetHints":{"allow":["GET"]}}],"collection":[{"href":"https:\/\/vecinosdelinterior.com\/index.php\/wp-json\/wp\/v2\/posts"}],"about":[{"href":"https:\/\/vecinosdelinterior.com\/index.php\/wp-json\/wp\/v2\/types\/post"}],"author":[{"embeddable":true,"href":"https:\/\/vecinosdelinterior.com\/index.php\/wp-json\/wp\/v2\/users\/1"}],"replies":[{"embeddable":true,"href":"https:\/\/vecinosdelinterior.com\/index.php\/wp-json\/wp\/v2\/comments?post=3685"}],"version-history":[{"count":2,"href":"https:\/\/vecinosdelinterior.com\/index.php\/wp-json\/wp\/v2\/posts\/3685\/revisions"}],"predecessor-version":[{"id":3706,"href":"https:\/\/vecinosdelinterior.com\/index.php\/wp-json\/wp\/v2\/posts\/3685\/revisions\/3706"}],"wp:featuredmedia":[{"embeddable":true,"href":"https:\/\/vecinosdelinterior.com\/index.php\/wp-json\/wp\/v2\/media\/3689"}],"wp:attachment":[{"href":"https:\/\/vecinosdelinterior.com\/index.php\/wp-json\/wp\/v2\/media?parent=3685"}],"wp:term":[{"taxonomy":"category","embeddable":true,"href":"https:\/\/vecinosdelinterior.com\/index.php\/wp-json\/wp\/v2\/categories?post=3685"},{"taxonomy":"post_tag","embeddable":true,"href":"https:\/\/vecinosdelinterior.com\/index.php\/wp-json\/wp\/v2\/tags?post=3685"}],"curies":[{"name":"wp","href":"https:\/\/api.w.org\/{rel}","templated":true}]}}