{"id":3696,"date":"2025-02-03T21:40:00","date_gmt":"2025-02-04T00:40:00","guid":{"rendered":"https:\/\/vecinosdelinterior.com\/?p=3696"},"modified":"2025-02-03T21:45:48","modified_gmt":"2025-02-04T00:45:48","slug":"un-camion-impacto-contra-un-caballo-en-la-ruta-nacional-20","status":"publish","type":"post","link":"https:\/\/vecinosdelinterior.com\/index.php\/2025\/02\/03\/un-camion-impacto-contra-un-caballo-en-la-ruta-nacional-20\/","title":{"rendered":"Un cami\u00f3n impact\u00f3 contra un caballo en la ruta nacional 20"},"content":{"rendered":"\n<p><\/p>\n\n\n\n<p>Desde la Direcci\u00f3n General de Polic\u00eda Caminera y Seguridad Vial informaron que este domingo por la noche se produjo un accidente en la ruta nacional 20, a la altura del kil\u00f3metro 411, a unos 4 kil\u00f3metros del puesto lim\u00edtrofe La Tranca.<br>En ese lugar, un hombre de 36 a\u00f1os de edad que conduc\u00eda de norte a sur un cami\u00f3n Volkswagen Delivery -perteneciente a una empresa de servicio de gr\u00faas-, impact\u00f3 contra un caballo que cruz\u00f3 repentinamente la ruta.<br>De acuerdo a lo manifestado por el chofer, no pudo esquivar al equino y termin\u00f3 colisionando con la parte delantera derecha del cami\u00f3n, ocasionando da\u00f1os materiales en el rodado. Debido al impacto, el caballo muri\u00f3 en el lugar.<br>El hombre no presentaba lesiones, por lo que no requiri\u00f3 atenci\u00f3n m\u00e9dica. Adem\u00e1s, se le realiz\u00f3 el alcotest, arrojando resultado negativo de 0;00 gr\/lts de alcohol en sangre.<\/p>\n","protected":false},"excerpt":{"rendered":"<p>Desde la Direcci\u00f3n General de Polic\u00eda Caminera y Seguridad Vial informaron que este domingo por la noche se produjo un accidente en la ruta nacional 20, a la altura del kil\u00f3metro 411, a unos 4 kil\u00f3metros del puesto lim\u00edtrofe La Tranca.En ese lugar, un hombre de 36 a\u00f1os de edad que conduc\u00eda de norte a [&hellip;]<\/p>\n","protected":false},"author":1,"featured_media":3697,"comment_status":"open","ping_status":"open","sticky":false,"template":"","format":"standard","meta":{"footnotes":""},"categories":[1],"tags":[],"class_list":["post-3696","post","type-post","status-publish","format-standard","has-post-thumbnail","hentry","category-blog"],"_links":{"self":[{"href":"https:\/\/vecinosdelinterior.com\/index.php\/wp-json\/wp\/v2\/posts\/3696","targetHints":{"allow":["GET"]}}],"collection":[{"href":"https:\/\/vecinosdelinterior.com\/index.php\/wp-json\/wp\/v2\/posts"}],"about":[{"href":"https:\/\/vecinosdelinterior.com\/index.php\/wp-json\/wp\/v2\/types\/post"}],"author":[{"embeddable":true,"href":"https:\/\/vecinosdelinterior.com\/index.php\/wp-json\/wp\/v2\/users\/1"}],"replies":[{"embeddable":true,"href":"https:\/\/vecinosdelinterior.com\/index.php\/wp-json\/wp\/v2\/comments?post=3696"}],"version-history":[{"count":1,"href":"https:\/\/vecinosdelinterior.com\/index.php\/wp-json\/wp\/v2\/posts\/3696\/revisions"}],"predecessor-version":[{"id":3698,"href":"https:\/\/vecinosdelinterior.com\/index.php\/wp-json\/wp\/v2\/posts\/3696\/revisions\/3698"}],"wp:featuredmedia":[{"embeddable":true,"href":"https:\/\/vecinosdelinterior.com\/index.php\/wp-json\/wp\/v2\/media\/3697"}],"wp:attachment":[{"href":"https:\/\/vecinosdelinterior.com\/index.php\/wp-json\/wp\/v2\/media?parent=3696"}],"wp:term":[{"taxonomy":"category","embeddable":true,"href":"https:\/\/vecinosdelinterior.com\/index.php\/wp-json\/wp\/v2\/categories?post=3696"},{"taxonomy":"post_tag","embeddable":true,"href":"https:\/\/vecinosdelinterior.com\/index.php\/wp-json\/wp\/v2\/tags?post=3696"}],"curies":[{"name":"wp","href":"https:\/\/api.w.org\/{rel}","templated":true}]}}