{"id":3702,"date":"2025-02-04T10:46:00","date_gmt":"2025-02-04T13:46:00","guid":{"rendered":"https:\/\/vecinosdelinterior.com\/?p=3702"},"modified":"2025-02-04T11:48:30","modified_gmt":"2025-02-04T14:48:30","slug":"el-12-rally-master-ya-calienta-motores-todo-lo-que-hay-que-saber-sobre-la-competencia","status":"publish","type":"post","link":"https:\/\/vecinosdelinterior.com\/index.php\/2025\/02\/04\/el-12-rally-master-ya-calienta-motores-todo-lo-que-hay-que-saber-sobre-la-competencia\/","title":{"rendered":"El 12\u00b0 Rally Master ya calienta motores: todo lo que hay que saber sobre la competencia"},"content":{"rendered":"\n<p><\/p>\n\n\n\n<p>La gran fiesta del automovilismo comenzar\u00e1 este jueves en Luj\u00e1n con la largada simb\u00f3lica. El viernes, la acci\u00f3n se trasladar\u00e1 a Quines con un electrizante prime nocturno. Durante el fin de semana, las m\u00e1quinas desafiar\u00e1n los exigentes caminos de Leandro N. Alem, San Francisco del Monte de Oro y Quines, en un recorrido que promete pura adrenalina.<\/p>\n\n\n\n<p>San Luis se prepara para vivir la 12\u00b0 edici\u00f3n del Rally Master de la tracci\u00f3n simple, una competencia emblem\u00e1tica que regresa tras la suspensi\u00f3n de 2024. Del 6 al 9 de febrero, los motores rugir\u00e1n nuevamente en los caminos de Quines, con un recorrido que abarcar\u00e1 tambi\u00e9n las localidades de Leandro N. Alem, Luj\u00e1n y San Francisco del Monte de Oro.<\/p>\n\n\n\n<figure class=\"wp-block-image size-full\"><img fetchpriority=\"high\" decoding=\"async\" width=\"900\" height=\"600\" src=\"https:\/\/vecinosdelinterior.com\/wp-content\/uploads\/2025\/02\/WhatsApp-Image-2023-02-10-at-23.03.24-900x600-1.jpeg\" alt=\"\" class=\"wp-image-3703\" srcset=\"https:\/\/vecinosdelinterior.com\/wp-content\/uploads\/2025\/02\/WhatsApp-Image-2023-02-10-at-23.03.24-900x600-1.jpeg 900w, https:\/\/vecinosdelinterior.com\/wp-content\/uploads\/2025\/02\/WhatsApp-Image-2023-02-10-at-23.03.24-900x600-1-300x200.jpeg 300w, https:\/\/vecinosdelinterior.com\/wp-content\/uploads\/2025\/02\/WhatsApp-Image-2023-02-10-at-23.03.24-900x600-1-768x512.jpeg 768w, https:\/\/vecinosdelinterior.com\/wp-content\/uploads\/2025\/02\/WhatsApp-Image-2023-02-10-at-23.03.24-900x600-1-750x500.jpeg 750w\" sizes=\"(max-width: 900px) 100vw, 900px\" \/><\/figure>\n\n\n\n<p>Ser\u00e1n jornadas de pura adrenalina y consumo masivo, con un impacto positivo en hoteler\u00eda, gastronom\u00eda y el comercio local, que se ver\u00e1n beneficiados por el c\u00edrculo virtuoso que genera el evento. Este encuentro cuenta con el apoyo del Gobierno provincial, a trav\u00e9s de distintos organismos como la secretar\u00eda de Deportes, los ministerios de Seguridad y Salud, y Vialidad Provincial.<\/p>\n\n\n\n<p>Desde su primera edici\u00f3n en 2011, el Rally Master se consolid\u00f3 como una de las competencias m\u00e1s esperadas del calendario automovil\u00edstico. La tradici\u00f3n indica que los mejores pilotos del pa\u00eds buscan hacerse con el codiciado guardapolvo de maestro, s\u00edmbolo de excelencia en cada categor\u00eda. Entre los nombres que ya confirmaron su presencia se destaca Luis \u2018El Chileno\u2019 Garc\u00eda, primer ganador de la competencia y actual campe\u00f3n provincial absoluto. Tambi\u00e9n dir\u00e1n presente los campeones del rally cordob\u00e9s RC5, Santiago y Sofia Sabbatini; Fernando Daparte, con tan solo 20 a\u00f1os y un palmar\u00e9s important\u00edsimo, campe\u00f3n argentino RC5 2023, subcampe\u00f3n argentino RC3 Junior 2024, tambi\u00e9n llegar\u00e1 al norte puntano, aportando m\u00e1s prestigio a la carrera.<\/p>\n\n\n\n<p>El cronograma oficial arrancar\u00e1 el jueves 6 de febrero con la foto oficial a las 20:00 y la rampa de largada promocional a las 21:00 en la Plaza Mitre de Luj\u00e1n. El viernes 7, la acci\u00f3n se trasladar\u00e1 a Quines con la largada de la prueba clasificatoria en el Parque de Asistencia de la UPrO, a las 21:00. El s\u00e1bado 8, a las 9:00, se disputar\u00e1 la primera etapa tambi\u00e9n con salida desde esa localidad, mientras que el domingo 9, desde las 7:30, los pilotos definir\u00e1n la carrera en la \u00faltima jornada de competencia. La emoci\u00f3n alcanzar\u00e1 su punto m\u00e1ximo con la coronaci\u00f3n en la Plaza Lafinur de Quines a las 15:00.<\/p>\n\n\n\n<p>El Rally Master 2025 promete un espect\u00e1culo vibrante, con el regreso de \u2018La carrera que todos quieren correr y todos quieren ganar\u2019. La cuenta regresiva ya comenz\u00f3.<\/p>\n","protected":false},"excerpt":{"rendered":"<p>La gran fiesta del automovilismo comenzar\u00e1 este jueves en Luj\u00e1n con la largada simb\u00f3lica. El viernes, la acci\u00f3n se trasladar\u00e1 a Quines con un electrizante prime nocturno. Durante el fin de semana, las m\u00e1quinas desafiar\u00e1n los exigentes caminos de Leandro N. Alem, San Francisco del Monte de Oro y Quines, en un recorrido que promete [&hellip;]<\/p>\n","protected":false},"author":1,"featured_media":3703,"comment_status":"open","ping_status":"open","sticky":false,"template":"","format":"standard","meta":{"footnotes":""},"categories":[8,36,54,9],"tags":[447,391],"class_list":["post-3702","post","type-post","status-publish","format-standard","has-post-thumbnail","hentry","category-ayacucho","category-lujan","category-quines-ayacucho","category-san-francisco","tag-deportes","tag-eventos"],"_links":{"self":[{"href":"https:\/\/vecinosdelinterior.com\/index.php\/wp-json\/wp\/v2\/posts\/3702","targetHints":{"allow":["GET"]}}],"collection":[{"href":"https:\/\/vecinosdelinterior.com\/index.php\/wp-json\/wp\/v2\/posts"}],"about":[{"href":"https:\/\/vecinosdelinterior.com\/index.php\/wp-json\/wp\/v2\/types\/post"}],"author":[{"embeddable":true,"href":"https:\/\/vecinosdelinterior.com\/index.php\/wp-json\/wp\/v2\/users\/1"}],"replies":[{"embeddable":true,"href":"https:\/\/vecinosdelinterior.com\/index.php\/wp-json\/wp\/v2\/comments?post=3702"}],"version-history":[{"count":2,"href":"https:\/\/vecinosdelinterior.com\/index.php\/wp-json\/wp\/v2\/posts\/3702\/revisions"}],"predecessor-version":[{"id":3705,"href":"https:\/\/vecinosdelinterior.com\/index.php\/wp-json\/wp\/v2\/posts\/3702\/revisions\/3705"}],"wp:featuredmedia":[{"embeddable":true,"href":"https:\/\/vecinosdelinterior.com\/index.php\/wp-json\/wp\/v2\/media\/3703"}],"wp:attachment":[{"href":"https:\/\/vecinosdelinterior.com\/index.php\/wp-json\/wp\/v2\/media?parent=3702"}],"wp:term":[{"taxonomy":"category","embeddable":true,"href":"https:\/\/vecinosdelinterior.com\/index.php\/wp-json\/wp\/v2\/categories?post=3702"},{"taxonomy":"post_tag","embeddable":true,"href":"https:\/\/vecinosdelinterior.com\/index.php\/wp-json\/wp\/v2\/tags?post=3702"}],"curies":[{"name":"wp","href":"https:\/\/api.w.org\/{rel}","templated":true}]}}