{"id":3720,"date":"2025-02-05T09:44:00","date_gmt":"2025-02-05T12:44:00","guid":{"rendered":"https:\/\/vecinosdelinterior.com\/?p=3720"},"modified":"2025-02-05T10:45:42","modified_gmt":"2025-02-05T13:45:42","slug":"bicisendas-mesas-y-bancos-en-plazas-y-paseos-lineales-las-obras-para-villa-de-la-quebrada","status":"publish","type":"post","link":"https:\/\/vecinosdelinterior.com\/index.php\/2025\/02\/05\/bicisendas-mesas-y-bancos-en-plazas-y-paseos-lineales-las-obras-para-villa-de-la-quebrada\/","title":{"rendered":"Bicisendas, mesas y bancos en plazas y paseos lineales. Las obras para Villa de la Quebrada."},"content":{"rendered":"\n<p>As\u00ed lo establece el nuevo acuerdo que firm\u00f3 el Gobierno provincial con la intendenta de Villa de la Quebrada Rosa Calder\u00f3n.. El acuerdo, permitir\u00e1 que los m\u00e1s de 43 millones de pesos se destinen a la remodelaci\u00f3n de plazas, zonas de descanso y parques.<br>\u201cEstamos muy contentos de poder anunciar la renovaci\u00f3n del acuerdo \u2018Construyendo con Tu Pueblo\u2019 para continuar reactivando la obra p\u00fablica y generando empleo local\u201d, expres\u00f3 la intendenta .<\/p>\n\n\n\n<figure class=\"wp-block-image size-large\"><img fetchpriority=\"high\" decoding=\"async\" width=\"1024\" height=\"682\" src=\"https:\/\/vecinosdelinterior.com\/wp-content\/uploads\/2025\/02\/WhatsApp-Image-2025-02-04-at-20.45.42-1024x682.jpeg\" alt=\"\" class=\"wp-image-3721\" srcset=\"https:\/\/vecinosdelinterior.com\/wp-content\/uploads\/2025\/02\/WhatsApp-Image-2025-02-04-at-20.45.42-1024x682.jpeg 1024w, https:\/\/vecinosdelinterior.com\/wp-content\/uploads\/2025\/02\/WhatsApp-Image-2025-02-04-at-20.45.42-300x200.jpeg 300w, https:\/\/vecinosdelinterior.com\/wp-content\/uploads\/2025\/02\/WhatsApp-Image-2025-02-04-at-20.45.42-768x512.jpeg 768w, https:\/\/vecinosdelinterior.com\/wp-content\/uploads\/2025\/02\/WhatsApp-Image-2025-02-04-at-20.45.42-1536x1023.jpeg 1536w, https:\/\/vecinosdelinterior.com\/wp-content\/uploads\/2025\/02\/WhatsApp-Image-2025-02-04-at-20.45.42-750x500.jpeg 750w, https:\/\/vecinosdelinterior.com\/wp-content\/uploads\/2025\/02\/WhatsApp-Image-2025-02-04-at-20.45.42-1140x760.jpeg 1140w, https:\/\/vecinosdelinterior.com\/wp-content\/uploads\/2025\/02\/WhatsApp-Image-2025-02-04-at-20.45.42.jpeg 1600w\" sizes=\"(max-width: 1024px) 100vw, 1024px\" \/><\/figure>\n\n\n\n<p><br>\u00abEscuchamos a los vecinos que nos manifiestan la necesidad de construir plazas, zonas de descanso, parques lineales, incorporar mesas, refaccionar veredas, ese tipo de cosas\u201d, detall\u00f3 Calder\u00f3n seg\u00fan informaci\u00f3n publicada en ANSL.<br>Atr\u00e1s parecen quedar las obras de mayor magnitud que se hac\u00edan para los pueblos y las cuales Villa de la Quebrada tuvo como beneficio: la nueva hoster\u00eda, el asfalto, remodelaci\u00f3n del balneario y cord\u00f3n cuneta para barrios, iluminaci\u00f3n del autopista 25 de mayo, mejora de los accesos, por citar algunas<\/p>\n","protected":false},"excerpt":{"rendered":"<p>As\u00ed lo establece el nuevo acuerdo que firm\u00f3 el Gobierno provincial con la intendenta de Villa de la Quebrada Rosa Calder\u00f3n.. El acuerdo, permitir\u00e1 que los m\u00e1s de 43 millones de pesos se destinen a la remodelaci\u00f3n de plazas, zonas de descanso y parques.\u201cEstamos muy contentos de poder anunciar la renovaci\u00f3n del acuerdo \u2018Construyendo con [&hellip;]<\/p>\n","protected":false},"author":1,"featured_media":3721,"comment_status":"open","ping_status":"open","sticky":false,"template":"","format":"standard","meta":{"footnotes":""},"categories":[92,93],"tags":[356],"class_list":["post-3720","post","type-post","status-publish","format-standard","has-post-thumbnail","hentry","category-belgrano","category-villa-de-la-quebrada","tag-gobierno"],"_links":{"self":[{"href":"https:\/\/vecinosdelinterior.com\/index.php\/wp-json\/wp\/v2\/posts\/3720","targetHints":{"allow":["GET"]}}],"collection":[{"href":"https:\/\/vecinosdelinterior.com\/index.php\/wp-json\/wp\/v2\/posts"}],"about":[{"href":"https:\/\/vecinosdelinterior.com\/index.php\/wp-json\/wp\/v2\/types\/post"}],"author":[{"embeddable":true,"href":"https:\/\/vecinosdelinterior.com\/index.php\/wp-json\/wp\/v2\/users\/1"}],"replies":[{"embeddable":true,"href":"https:\/\/vecinosdelinterior.com\/index.php\/wp-json\/wp\/v2\/comments?post=3720"}],"version-history":[{"count":1,"href":"https:\/\/vecinosdelinterior.com\/index.php\/wp-json\/wp\/v2\/posts\/3720\/revisions"}],"predecessor-version":[{"id":3722,"href":"https:\/\/vecinosdelinterior.com\/index.php\/wp-json\/wp\/v2\/posts\/3720\/revisions\/3722"}],"wp:featuredmedia":[{"embeddable":true,"href":"https:\/\/vecinosdelinterior.com\/index.php\/wp-json\/wp\/v2\/media\/3721"}],"wp:attachment":[{"href":"https:\/\/vecinosdelinterior.com\/index.php\/wp-json\/wp\/v2\/media?parent=3720"}],"wp:term":[{"taxonomy":"category","embeddable":true,"href":"https:\/\/vecinosdelinterior.com\/index.php\/wp-json\/wp\/v2\/categories?post=3720"},{"taxonomy":"post_tag","embeddable":true,"href":"https:\/\/vecinosdelinterior.com\/index.php\/wp-json\/wp\/v2\/tags?post=3720"}],"curies":[{"name":"wp","href":"https:\/\/api.w.org\/{rel}","templated":true}]}}