{"id":3735,"date":"2025-02-05T13:46:00","date_gmt":"2025-02-05T16:46:00","guid":{"rendered":"https:\/\/vecinosdelinterior.com\/?p=3735"},"modified":"2025-02-05T13:48:50","modified_gmt":"2025-02-05T16:48:50","slug":"la-carrera-de-los-autos-locos-vuelve-a-realizarse-en-naschel","status":"publish","type":"post","link":"https:\/\/vecinosdelinterior.com\/index.php\/2025\/02\/05\/la-carrera-de-los-autos-locos-vuelve-a-realizarse-en-naschel\/","title":{"rendered":"La carrera de los Autos Locos, vuelve a realizarse en Naschel"},"content":{"rendered":"\n<p>vecinosdelinterior.com \/ 05 de febrero<br>Ser\u00e1 el pr\u00f3ximo domingo 23 de febrero la 6ta edici\u00f3n de la carrera m\u00e1s loca y divertida que tiene Naschel.<br>Habr\u00e1 un premio de 200.000 en efectivo.<br>Los interesados en participar deben comunicarse al 2664167943 o acercarse a la municipalidad.<\/p>\n\n\n\n<figure class=\"wp-block-image size-full\"><img fetchpriority=\"high\" decoding=\"async\" width=\"768\" height=\"960\" src=\"https:\/\/vecinosdelinterior.com\/wp-content\/uploads\/2025\/02\/476018348_1219630856235435_7344013928405499531_n.jpg\" alt=\"\" class=\"wp-image-3736\" srcset=\"https:\/\/vecinosdelinterior.com\/wp-content\/uploads\/2025\/02\/476018348_1219630856235435_7344013928405499531_n.jpg 768w, https:\/\/vecinosdelinterior.com\/wp-content\/uploads\/2025\/02\/476018348_1219630856235435_7344013928405499531_n-240x300.jpg 240w, https:\/\/vecinosdelinterior.com\/wp-content\/uploads\/2025\/02\/476018348_1219630856235435_7344013928405499531_n-750x938.jpg 750w\" sizes=\"(max-width: 768px) 100vw, 768px\" \/><\/figure>\n","protected":false},"excerpt":{"rendered":"<p>vecinosdelinterior.com \/ 05 de febreroSer\u00e1 el pr\u00f3ximo domingo 23 de febrero la 6ta edici\u00f3n de la carrera m\u00e1s loca y divertida que tiene Naschel.Habr\u00e1 un premio de 200.000 en efectivo.Los interesados en participar deben comunicarse al 2664167943 o acercarse a la municipalidad.<\/p>\n","protected":false},"author":1,"featured_media":3736,"comment_status":"open","ping_status":"open","sticky":false,"template":"","format":"standard","meta":{"footnotes":""},"categories":[29,91],"tags":[391],"class_list":["post-3735","post","type-post","status-publish","format-standard","has-post-thumbnail","hentry","category-chacabuco","category-naschel","tag-eventos"],"_links":{"self":[{"href":"https:\/\/vecinosdelinterior.com\/index.php\/wp-json\/wp\/v2\/posts\/3735","targetHints":{"allow":["GET"]}}],"collection":[{"href":"https:\/\/vecinosdelinterior.com\/index.php\/wp-json\/wp\/v2\/posts"}],"about":[{"href":"https:\/\/vecinosdelinterior.com\/index.php\/wp-json\/wp\/v2\/types\/post"}],"author":[{"embeddable":true,"href":"https:\/\/vecinosdelinterior.com\/index.php\/wp-json\/wp\/v2\/users\/1"}],"replies":[{"embeddable":true,"href":"https:\/\/vecinosdelinterior.com\/index.php\/wp-json\/wp\/v2\/comments?post=3735"}],"version-history":[{"count":1,"href":"https:\/\/vecinosdelinterior.com\/index.php\/wp-json\/wp\/v2\/posts\/3735\/revisions"}],"predecessor-version":[{"id":3737,"href":"https:\/\/vecinosdelinterior.com\/index.php\/wp-json\/wp\/v2\/posts\/3735\/revisions\/3737"}],"wp:featuredmedia":[{"embeddable":true,"href":"https:\/\/vecinosdelinterior.com\/index.php\/wp-json\/wp\/v2\/media\/3736"}],"wp:attachment":[{"href":"https:\/\/vecinosdelinterior.com\/index.php\/wp-json\/wp\/v2\/media?parent=3735"}],"wp:term":[{"taxonomy":"category","embeddable":true,"href":"https:\/\/vecinosdelinterior.com\/index.php\/wp-json\/wp\/v2\/categories?post=3735"},{"taxonomy":"post_tag","embeddable":true,"href":"https:\/\/vecinosdelinterior.com\/index.php\/wp-json\/wp\/v2\/tags?post=3735"}],"curies":[{"name":"wp","href":"https:\/\/api.w.org\/{rel}","templated":true}]}}