{"id":3739,"date":"2025-02-06T10:59:00","date_gmt":"2025-02-06T13:59:00","guid":{"rendered":"https:\/\/vecinosdelinterior.com\/?p=3739"},"modified":"2025-02-06T15:00:45","modified_gmt":"2025-02-06T18:00:45","slug":"veredas-y-bicisendas-las-obras-que-firmaron-municipalidad-san-geronimo-y-gobierno-de-san-luis","status":"publish","type":"post","link":"https:\/\/vecinosdelinterior.com\/index.php\/2025\/02\/06\/veredas-y-bicisendas-las-obras-que-firmaron-municipalidad-san-geronimo-y-gobierno-de-san-luis\/","title":{"rendered":"Veredas y bicisendas, las obras que firmaron Municipalidad San Ger\u00f3nimo y Gobierno de San Luis"},"content":{"rendered":"\n<p>San Ger\u00f3nimo fue otro de los municipios que se uni\u00f3 a la segunda etapa de \u2018Construyendo con Tu Pueblo\u2019 2025 luego de que el gobernador Claudio Poggi y la intendenta, Norma Vel\u00e1zquez, renovaron el convenio para la inversi\u00f3n en nuevas obras p\u00fablicas que se desarrollar\u00e1n durante estos meses. La reuni\u00f3n fue en Casa de Gobierno y tambi\u00e9n particip\u00f3 el ministro de Gobierno, Gonzalo Amondarain, acompa\u00f1ado por la directora de Asuntos Municipales, Valeria Lange.<br>Vel\u00e1zquez cont\u00f3 que, durante la primera etapa realizaron obras de iluminaci\u00f3n y arreglos en el SUM municipal. Ahora, con esta renovaci\u00f3n, aspirar\u00e1 a reacondicionar las veredas y las bicisendas de toda la localidad. \u201cCreo que las obras que se hacen embellecen el pueblo y lo hacen m\u00e1s importante. Nuestra localidad es muy tur\u00edstica, por eso queremos seguir mejorando. Sabemos que tenemos otros problemas por solucionar, pero este es el camino para eso. Tener el acompa\u00f1amiento del Gobierno es un gran progreso para todos\u201c, asegur\u00f3.<br>La renovaci\u00f3n de este convenio se replica en toda la provincia, lo que permite que, junto al Gobierno, cada localidad invierta en nuevas obras p\u00fablicas para mejorar los espacios y generar nuevos puestos de trabajo.<\/p>\n","protected":false},"excerpt":{"rendered":"<p>San Ger\u00f3nimo fue otro de los municipios que se uni\u00f3 a la segunda etapa de \u2018Construyendo con Tu Pueblo\u2019 2025 luego de que el gobernador Claudio Poggi y la intendenta, Norma Vel\u00e1zquez, renovaron el convenio para la inversi\u00f3n en nuevas obras p\u00fablicas que se desarrollar\u00e1n durante estos meses. La reuni\u00f3n fue en Casa de Gobierno [&hellip;]<\/p>\n","protected":false},"author":1,"featured_media":3740,"comment_status":"open","ping_status":"open","sticky":false,"template":"","format":"standard","meta":{"footnotes":""},"categories":[1],"tags":[],"class_list":["post-3739","post","type-post","status-publish","format-standard","has-post-thumbnail","hentry","category-blog"],"_links":{"self":[{"href":"https:\/\/vecinosdelinterior.com\/index.php\/wp-json\/wp\/v2\/posts\/3739","targetHints":{"allow":["GET"]}}],"collection":[{"href":"https:\/\/vecinosdelinterior.com\/index.php\/wp-json\/wp\/v2\/posts"}],"about":[{"href":"https:\/\/vecinosdelinterior.com\/index.php\/wp-json\/wp\/v2\/types\/post"}],"author":[{"embeddable":true,"href":"https:\/\/vecinosdelinterior.com\/index.php\/wp-json\/wp\/v2\/users\/1"}],"replies":[{"embeddable":true,"href":"https:\/\/vecinosdelinterior.com\/index.php\/wp-json\/wp\/v2\/comments?post=3739"}],"version-history":[{"count":1,"href":"https:\/\/vecinosdelinterior.com\/index.php\/wp-json\/wp\/v2\/posts\/3739\/revisions"}],"predecessor-version":[{"id":3741,"href":"https:\/\/vecinosdelinterior.com\/index.php\/wp-json\/wp\/v2\/posts\/3739\/revisions\/3741"}],"wp:featuredmedia":[{"embeddable":true,"href":"https:\/\/vecinosdelinterior.com\/index.php\/wp-json\/wp\/v2\/media\/3740"}],"wp:attachment":[{"href":"https:\/\/vecinosdelinterior.com\/index.php\/wp-json\/wp\/v2\/media?parent=3739"}],"wp:term":[{"taxonomy":"category","embeddable":true,"href":"https:\/\/vecinosdelinterior.com\/index.php\/wp-json\/wp\/v2\/categories?post=3739"},{"taxonomy":"post_tag","embeddable":true,"href":"https:\/\/vecinosdelinterior.com\/index.php\/wp-json\/wp\/v2\/tags?post=3739"}],"curies":[{"name":"wp","href":"https:\/\/api.w.org\/{rel}","templated":true}]}}