{"id":3752,"date":"2025-02-07T08:11:00","date_gmt":"2025-02-07T11:11:00","guid":{"rendered":"https:\/\/vecinosdelinterior.com\/?p=3752"},"modified":"2025-02-07T11:13:24","modified_gmt":"2025-02-07T14:13:24","slug":"comenzo-la-52-fiesta-nacional-valle-del-sol","status":"publish","type":"post","link":"https:\/\/vecinosdelinterior.com\/index.php\/2025\/02\/07\/comenzo-la-52-fiesta-nacional-valle-del-sol\/","title":{"rendered":"Comenz\u00f3 la 52\u00b0 Fiesta Nacional Valle del Sol"},"content":{"rendered":"\n<p>La 52\u00b0 Fiesta Nacional Valle del Sol reuni\u00f3 a miles de personas en su primera noche, este jueves, con una grilla de artistas locales y nacionales que deslumbraron el escenario \u2018Antonio Esteban Ag\u00fcero\u2019.<\/p>\n\n\n\n<figure class=\"wp-block-gallery has-nested-images columns-default is-cropped wp-block-gallery-1 is-layout-flex wp-block-gallery-is-layout-flex\">\n<figure class=\"wp-block-image size-large\"><img fetchpriority=\"high\" decoding=\"async\" width=\"1024\" height=\"682\" data-id=\"3755\" src=\"https:\/\/vecinosdelinterior.com\/wp-content\/uploads\/2025\/02\/476631167_484699031347455_7029868990637080929_n-1024x682.jpg\" alt=\"\" class=\"wp-image-3755\" srcset=\"https:\/\/vecinosdelinterior.com\/wp-content\/uploads\/2025\/02\/476631167_484699031347455_7029868990637080929_n-1024x682.jpg 1024w, https:\/\/vecinosdelinterior.com\/wp-content\/uploads\/2025\/02\/476631167_484699031347455_7029868990637080929_n-300x200.jpg 300w, https:\/\/vecinosdelinterior.com\/wp-content\/uploads\/2025\/02\/476631167_484699031347455_7029868990637080929_n-768x512.jpg 768w, https:\/\/vecinosdelinterior.com\/wp-content\/uploads\/2025\/02\/476631167_484699031347455_7029868990637080929_n-750x500.jpg 750w, https:\/\/vecinosdelinterior.com\/wp-content\/uploads\/2025\/02\/476631167_484699031347455_7029868990637080929_n-1140x760.jpg 1140w, https:\/\/vecinosdelinterior.com\/wp-content\/uploads\/2025\/02\/476631167_484699031347455_7029868990637080929_n.jpg 1280w\" sizes=\"(max-width: 1024px) 100vw, 1024px\" \/><\/figure>\n\n\n\n<figure class=\"wp-block-image size-large\"><img decoding=\"async\" width=\"1024\" height=\"682\" data-id=\"3753\" src=\"https:\/\/vecinosdelinterior.com\/wp-content\/uploads\/2025\/02\/476409472_484698994680792_212504420130466754_n-1024x682.jpg\" alt=\"\" class=\"wp-image-3753\" srcset=\"https:\/\/vecinosdelinterior.com\/wp-content\/uploads\/2025\/02\/476409472_484698994680792_212504420130466754_n-1024x682.jpg 1024w, https:\/\/vecinosdelinterior.com\/wp-content\/uploads\/2025\/02\/476409472_484698994680792_212504420130466754_n-300x200.jpg 300w, https:\/\/vecinosdelinterior.com\/wp-content\/uploads\/2025\/02\/476409472_484698994680792_212504420130466754_n-768x512.jpg 768w, https:\/\/vecinosdelinterior.com\/wp-content\/uploads\/2025\/02\/476409472_484698994680792_212504420130466754_n-750x500.jpg 750w, https:\/\/vecinosdelinterior.com\/wp-content\/uploads\/2025\/02\/476409472_484698994680792_212504420130466754_n-1140x760.jpg 1140w, https:\/\/vecinosdelinterior.com\/wp-content\/uploads\/2025\/02\/476409472_484698994680792_212504420130466754_n.jpg 1280w\" sizes=\"(max-width: 1024px) 100vw, 1024px\" \/><\/figure>\n\n\n\n<figure class=\"wp-block-image size-large\"><img decoding=\"async\" width=\"1024\" height=\"682\" data-id=\"3756\" src=\"https:\/\/vecinosdelinterior.com\/wp-content\/uploads\/2025\/02\/474858727_484698961347462_7939584077097611857_n-1024x682.jpg\" alt=\"\" class=\"wp-image-3756\" srcset=\"https:\/\/vecinosdelinterior.com\/wp-content\/uploads\/2025\/02\/474858727_484698961347462_7939584077097611857_n-1024x682.jpg 1024w, https:\/\/vecinosdelinterior.com\/wp-content\/uploads\/2025\/02\/474858727_484698961347462_7939584077097611857_n-300x200.jpg 300w, https:\/\/vecinosdelinterior.com\/wp-content\/uploads\/2025\/02\/474858727_484698961347462_7939584077097611857_n-768x512.jpg 768w, https:\/\/vecinosdelinterior.com\/wp-content\/uploads\/2025\/02\/474858727_484698961347462_7939584077097611857_n-750x500.jpg 750w, https:\/\/vecinosdelinterior.com\/wp-content\/uploads\/2025\/02\/474858727_484698961347462_7939584077097611857_n-1140x760.jpg 1140w, https:\/\/vecinosdelinterior.com\/wp-content\/uploads\/2025\/02\/474858727_484698961347462_7939584077097611857_n.jpg 1280w\" sizes=\"(max-width: 1024px) 100vw, 1024px\" \/><\/figure>\n\n\n\n<figure class=\"wp-block-image size-large\"><img loading=\"lazy\" decoding=\"async\" width=\"900\" height=\"600\" data-id=\"3754\" src=\"https:\/\/vecinosdelinterior.com\/wp-content\/uploads\/2025\/02\/476631374_484698931347465_3856648530622652956_n.jpg\" alt=\"\" class=\"wp-image-3754\" srcset=\"https:\/\/vecinosdelinterior.com\/wp-content\/uploads\/2025\/02\/476631374_484698931347465_3856648530622652956_n.jpg 900w, https:\/\/vecinosdelinterior.com\/wp-content\/uploads\/2025\/02\/476631374_484698931347465_3856648530622652956_n-300x200.jpg 300w, https:\/\/vecinosdelinterior.com\/wp-content\/uploads\/2025\/02\/476631374_484698931347465_3856648530622652956_n-768x512.jpg 768w, https:\/\/vecinosdelinterior.com\/wp-content\/uploads\/2025\/02\/476631374_484698931347465_3856648530622652956_n-750x500.jpg 750w\" sizes=\"(max-width: 900px) 100vw, 900px\" \/><\/figure>\n<\/figure>\n\n\n\n<p><br>Seg\u00fan el ministro de Turismo y Cultura, Juan \u00c1lvarez Pinto se recaudo m\u00e1s de 50 millones de pesos en sponsors.<br>\u201cFue una noche espectacular y con el trabajo articulado entre el sector privado, quienes demostraron que lo m\u00e1s importante, como viene siendo toda esta temporada, es apostar e invertir en esto. Lejos de ser un gasto, cada una de estas actividades son una ayuda a la econom\u00eda, es un c\u00edrculo virtuoso que genera muchos puestos de trabajo que van desde los artistas hasta los taxistas\u201d, asegur\u00f3.<\/p>\n","protected":false},"excerpt":{"rendered":"<p>La 52\u00b0 Fiesta Nacional Valle del Sol reuni\u00f3 a miles de personas en su primera noche, este jueves, con una grilla de artistas locales y nacionales que deslumbraron el escenario \u2018Antonio Esteban Ag\u00fcero\u2019. Seg\u00fan el ministro de Turismo y Cultura, Juan \u00c1lvarez Pinto se recaudo m\u00e1s de 50 millones de pesos en sponsors.\u201cFue una noche [&hellip;]<\/p>\n","protected":false},"author":1,"featured_media":3756,"comment_status":"open","ping_status":"open","sticky":false,"template":"","format":"standard","meta":{"footnotes":""},"categories":[23,73],"tags":[333],"class_list":["post-3752","post","type-post","status-publish","format-standard","has-post-thumbnail","hentry","category-junin","category-merlo","tag-festivales"],"_links":{"self":[{"href":"https:\/\/vecinosdelinterior.com\/index.php\/wp-json\/wp\/v2\/posts\/3752","targetHints":{"allow":["GET"]}}],"collection":[{"href":"https:\/\/vecinosdelinterior.com\/index.php\/wp-json\/wp\/v2\/posts"}],"about":[{"href":"https:\/\/vecinosdelinterior.com\/index.php\/wp-json\/wp\/v2\/types\/post"}],"author":[{"embeddable":true,"href":"https:\/\/vecinosdelinterior.com\/index.php\/wp-json\/wp\/v2\/users\/1"}],"replies":[{"embeddable":true,"href":"https:\/\/vecinosdelinterior.com\/index.php\/wp-json\/wp\/v2\/comments?post=3752"}],"version-history":[{"count":1,"href":"https:\/\/vecinosdelinterior.com\/index.php\/wp-json\/wp\/v2\/posts\/3752\/revisions"}],"predecessor-version":[{"id":3757,"href":"https:\/\/vecinosdelinterior.com\/index.php\/wp-json\/wp\/v2\/posts\/3752\/revisions\/3757"}],"wp:featuredmedia":[{"embeddable":true,"href":"https:\/\/vecinosdelinterior.com\/index.php\/wp-json\/wp\/v2\/media\/3756"}],"wp:attachment":[{"href":"https:\/\/vecinosdelinterior.com\/index.php\/wp-json\/wp\/v2\/media?parent=3752"}],"wp:term":[{"taxonomy":"category","embeddable":true,"href":"https:\/\/vecinosdelinterior.com\/index.php\/wp-json\/wp\/v2\/categories?post=3752"},{"taxonomy":"post_tag","embeddable":true,"href":"https:\/\/vecinosdelinterior.com\/index.php\/wp-json\/wp\/v2\/tags?post=3752"}],"curies":[{"name":"wp","href":"https:\/\/api.w.org\/{rel}","templated":true}]}}